{"id":23842,"date":"2018-01-20T10:54:22","date_gmt":"2018-01-20T15:54:22","guid":{"rendered":"http:\/\/www.revistazetta.com\/?p=23842"},"modified":"2018-01-20T10:54:22","modified_gmt":"2018-01-20T15:54:22","slug":"concejo-niega-objecion-alcalde-acuerdo-contraloria","status":"publish","type":"post","link":"https:\/\/revistazetta.com\/?p=23842","title":{"rendered":"Concejo niega objeci\u00f3n de alcalde a acuerdo sobre Contralor\u00eda"},"content":{"rendered":"<p>Concejo de Cartagena neg\u00f3 la objeci\u00f3n del alcalde al acuerdo que cre\u00f3 un cargo en la Contralor\u00eda, que era el \u00fanico proyecto en estudio en las fugaces sesiones extras de ayer y hoy.<\/p>\n<p>Ser\u00e1 el Tribunal Administrativo de Bol\u00edvar el que decida si el acuerdo queda aprobado como lo pretende el Concejo y Contralor\u00eda, o negado como lo ha objetado el alcalde encargado Sergio Londo\u00f1o.<\/p>\n<p>El informe de Comisi\u00f3n que plante\u00f3 la negativa a la objeci\u00f3n lo prepararon los concejales Rodrigo Reyes y Edgar Mendoza.<\/p>\n<p>El contralor encargado, Fredy Quintero, estuvo presente y se\u00f1al\u00f3 qu\u00e9 hay inconsistencias en la objeci\u00f3n del alcalde y respald\u00f3 la negativa del Concejo.<\/p>\n","protected":false},"excerpt":{"rendered":"<p>Concejo de Cartagena neg\u00f3 la objeci\u00f3n del alcalde al acuerdo que cre\u00f3 un cargo en la Contralor\u00eda, que era el \u00fanico proyecto en estudio en las fugaces sesiones extras de ayer y hoy. Ser\u00e1 el Tribunal Administrativo de Bol\u00edvar el que decida si el acuerdo queda aprobado como lo pretende el Concejo y Contralor\u00eda, o negado como lo ha objetado el alcalde encargado Sergio Londo\u00f1o. El informe de Comisi\u00f3n que plante\u00f3 la negativa a la objeci\u00f3n lo prepararon los concejales Rodrigo Reyes y Edgar Mendoza. El contralor encargado, Fredy Quintero,&#8230; <\/p>\n","protected":false},"author":3,"featured_media":0,"comment_status":"open","ping_status":"closed","sticky":false,"template":"","format":"standard","meta":{"footnotes":"","_links_to":"","_links_to_target":""},"categories":[75,27,4],"tags":[],"class_list":["post-23842","post","type-post","status-publish","format-standard","hentry","category-destacada","category-politicaconcejo","category-politica"],"_links":{"self":[{"href":"https:\/\/revistazetta.com\/index.php?rest_route=\/wp\/v2\/posts\/23842","targetHints":{"allow":["GET"]}}],"collection":[{"href":"https:\/\/revistazetta.com\/index.php?rest_route=\/wp\/v2\/posts"}],"about":[{"href":"https:\/\/revistazetta.com\/index.php?rest_route=\/wp\/v2\/types\/post"}],"author":[{"embeddable":true,"href":"https:\/\/revistazetta.com\/index.php?rest_route=\/wp\/v2\/users\/3"}],"replies":[{"embeddable":true,"href":"https:\/\/revistazetta.com\/index.php?rest_route=%2Fwp%2Fv2%2Fcomments&post=23842"}],"version-history":[{"count":0,"href":"https:\/\/revistazetta.com\/index.php?rest_route=\/wp\/v2\/posts\/23842\/revisions"}],"wp:attachment":[{"href":"https:\/\/revistazetta.com\/index.php?rest_route=%2Fwp%2Fv2%2Fmedia&parent=23842"}],"wp:term":[{"taxonomy":"category","embeddable":true,"href":"https:\/\/revistazetta.com\/index.php?rest_route=%2Fwp%2Fv2%2Fcategories&post=23842"},{"taxonomy":"post_tag","embeddable":true,"href":"https:\/\/revistazetta.com\/index.php?rest_route=%2Fwp%2Fv2%2Ftags&post=23842"}],"curies":[{"name":"wp","href":"https:\/\/api.w.org\/{rel}","templated":true}]}}