{"id":23850,"date":"2018-01-21T08:31:33","date_gmt":"2018-01-21T13:31:33","guid":{"rendered":"http:\/\/www.revistazetta.com\/?p=23850"},"modified":"2018-01-21T08:31:33","modified_gmt":"2018-01-21T13:31:33","slug":"luego-50-anos-arjona-pavimentan-calle-primera-antonio-narino","status":"publish","type":"post","link":"https:\/\/revistazetta.com\/?p=23850","title":{"rendered":"Luego de 50 a\u00f1os, en Arjona pavimentan calle Primera de Antonio Nari\u00f1o"},"content":{"rendered":"<div class=\"m_9093266455433537465elided-text\" dir=\"auto\">\n<div dir=\"ltr\">\n<blockquote><p><b>\u201cEstamos contentos porque por fin tendremos una v\u00eda en mejores condiciones\u201d: Jos\u00e9 Luis Paternina<\/b><\/p><\/blockquote>\n<\/div>\n<blockquote>\n<div dir=\"ltr\">\n<p><span style=\"font-family: Arial, sans-serif;\">\u00bfSer\u00e1 que me voy a morir y no voy a ver pavimentada mi calle? Era lo que se preguntaba Jos\u00e9 Luis Paternina, quien tiene 50 a\u00f1os de vivir en la Calle Primera de Antonio Nari\u00f1o y hoy ve con alegr\u00eda los trabajos de pavimentaci\u00f3n que iniciaron este 5 de Enero en esta calle. \u201cSin duda hablo por todos, ya era hora que esta calle tuviera su pavimento y estamos muy contentos porque por fin tendremos una v\u00eda en mejores condiciones y como comunidad estamos prestos a colaborar en lo que la administraci\u00f3n y contratistas necesiten para sacar esta obra adelante\u201d reiter\u00f3 Jos\u00e9 Luis.<\/span><\/p>\n<p><span style=\"font-family: Arial, sans-serif;\">El proyecto ejecutado por la Alcald\u00eda Municipal, consiste en la construcci\u00f3n de 333.43 metros lineales en Pavimento R\u00edgido de la Carrera 44, entre las Calles 49 y 45 (Primera Calle de Antonio Nari\u00f1o), obra que adem\u00e1s incluye la construcci\u00f3n de Andenes, Bordillos y Obras de Drenaje.<\/span><\/p>\n<div>\n<p>La socializaci\u00f3n del proyecto a la comunidad se realiz\u00f3 en diciembre de 2017 y los trabajos se iniciaron en Enero de 2018 proyectando su entrega en un t\u00e9rmino de 3 meses. Esta obra ha sido contratada por un costo de $ 1.393.892.907 millones de pesos, con recursos del Sistema General de Regal\u00edas.<\/p>\n<\/div>\n<\/div>\n<\/blockquote>\n<\/div>\n<div class=\"m_9093266455433537465elided-text\" dir=\"auto\">\n<blockquote>\n<div dir=\"ltr\">\n<p>Por su parte la alcaldesa de Arjona, Esther Mar\u00eda Jalilie Garc\u00eda manifest\u00f3 estar muy contenta porque este proyecto sea una realidad, \u201cesta calle estaba priorizada porque realmente debemos ir avanzando en el sentido de c\u00f3mo debe ir el desarrollo de nuestro \u00a0municipio\u201d, manifest\u00f3 la mandataria de los arjoneros.<\/p>\n<div>\n<p>De esta forma, en el mes de Abril del presente a\u00f1o, se podr\u00e1n estar inaugurando estas obras esperadas por muchos a\u00f1os por la comunidad.<\/p>\n<\/div>\n<\/div>\n<\/blockquote>\n<\/div>\n","protected":false},"excerpt":{"rendered":"<p>\u201cEstamos contentos porque por fin tendremos una v\u00eda en mejores condiciones\u201d: Jos\u00e9 Luis Paternina \u00bfSer\u00e1 que me voy a morir y no voy a ver pavimentada mi calle? Era lo que se preguntaba Jos\u00e9 Luis Paternina, quien tiene 50 a\u00f1os de vivir en la Calle Primera de Antonio Nari\u00f1o y hoy ve con alegr\u00eda los trabajos de pavimentaci\u00f3n que iniciaron este 5 de Enero en esta calle. \u201cSin duda hablo por todos, ya era hora que esta calle tuviera su pavimento y estamos muy contentos porque por fin tendremos una&#8230; <\/p>\n","protected":false},"author":3,"featured_media":23851,"comment_status":"open","ping_status":"closed","sticky":false,"template":"","format":"standard","meta":{"footnotes":"","_links_to":"","_links_to_target":""},"categories":[75,83,80],"tags":[],"class_list":["post-23850","post","type-post","status-publish","format-standard","has-post-thumbnail","hentry","category-destacada","category-municipios","category-region"],"_links":{"self":[{"href":"https:\/\/revistazetta.com\/index.php?rest_route=\/wp\/v2\/posts\/23850","targetHints":{"allow":["GET"]}}],"collection":[{"href":"https:\/\/revistazetta.com\/index.php?rest_route=\/wp\/v2\/posts"}],"about":[{"href":"https:\/\/revistazetta.com\/index.php?rest_route=\/wp\/v2\/types\/post"}],"author":[{"embeddable":true,"href":"https:\/\/revistazetta.com\/index.php?rest_route=\/wp\/v2\/users\/3"}],"replies":[{"embeddable":true,"href":"https:\/\/revistazetta.com\/index.php?rest_route=%2Fwp%2Fv2%2Fcomments&post=23850"}],"version-history":[{"count":0,"href":"https:\/\/revistazetta.com\/index.php?rest_route=\/wp\/v2\/posts\/23850\/revisions"}],"wp:featuredmedia":[{"embeddable":true,"href":"https:\/\/revistazetta.com\/index.php?rest_route=\/wp\/v2\/media\/23851"}],"wp:attachment":[{"href":"https:\/\/revistazetta.com\/index.php?rest_route=%2Fwp%2Fv2%2Fmedia&parent=23850"}],"wp:term":[{"taxonomy":"category","embeddable":true,"href":"https:\/\/revistazetta.com\/index.php?rest_route=%2Fwp%2Fv2%2Fcategories&post=23850"},{"taxonomy":"post_tag","embeddable":true,"href":"https:\/\/revistazetta.com\/index.php?rest_route=%2Fwp%2Fv2%2Ftags&post=23850"}],"curies":[{"name":"wp","href":"https:\/\/api.w.org\/{rel}","templated":true}]}}