{"id":23852,"date":"2018-01-21T08:41:04","date_gmt":"2018-01-21T13:41:04","guid":{"rendered":"http:\/\/www.revistazetta.com\/?p=23852"},"modified":"2018-01-21T08:41:04","modified_gmt":"2018-01-21T13:41:04","slug":"turbaco-comunidad-recreo-recibe-mega-parque-disfrute-ciudadano","status":"publish","type":"post","link":"https:\/\/revistazetta.com\/?p=23852","title":{"rendered":"Turbaco: comunidad de El Recreo recibe \u201cmega parque\u201d para el disfrute ciudadano"},"content":{"rendered":"<p>Con un gran aplauso y expresiones de alegr\u00eda recibieron los habitantes del barrio El Recreo, de Turbaco, de manos del alcalde, Antonio V\u00edctor Alcal\u00e1, las llaves de un \u2018mega parque\u2019 que tiene zona de juegos infantiles, cancha m\u00faltiple, zona bio saludable y zona social.<\/p>\n<p>\u201cEste es un sue\u00f1o que se hace realidad gracias a la administraci\u00f3n del doctor Antonio V\u00edctor Alcal\u00e1. Tenga la seguridad que este parque lo cuidaremos y lo mantendremos como una tacita de plata porque ser\u00e1 un sitio obligado para el encuentro ciudadano y familiar. Gracias, de verdad, por cumplirnos con esta importante obra\u201d, dijo Astrid Puello Carrasquilla.<\/p>\n<p>El Alcalde precis\u00f3 que esta obra tiene un gran significado porque esta comunidad tendr\u00e1 un espacio de encuentro para el disfrute de su tiempo libre, de una manera sana. \u201cEste \u2018mega parque\u2019 cuenta con una zona de juegos para los ni\u00f1os, una cancha poli funcional donde se pueden practicar voleibol, baloncesto y microf\u00fatbol. Adem\u00e1s, tiene un centro social y zona bio saludable. Adem\u00e1s, se entrega completamente iluminado con luminarias de tecnolog\u00eda LED y encerrado\u201d, indic\u00f3.<\/p>\n<p>Advirti\u00f3 que, a trav\u00e9s de \u00a0la concesi\u00f3n \u201cAmoblamiento Urbano de Colombia\u201d, \u00a0se avanza en la construcci\u00f3n de otros mega parques. \u201cEste es el primer parque que entregamos, esperamos que antes de julio se entregan otros dos parques, uno en el barrio San Pedro y otro en El Para\u00edso. Aunque debo informar que logramos terminar el parque de Bonanza, que la administraci\u00f3n pasada dej\u00f3 inconcluso. As\u00ed mismo, se avanza en otro espacio para la recreaci\u00f3n en La Granja y se construye un parque en la zona de la virgencita a la entrada del municipio,<\/p>\n<p>Por su parte, el concejal Leonardo Cabarcas inst\u00f3 a la comunidad a que cuide estas obras que servir\u00e1n de zona de esparcimiento, no s\u00f3lo para los habitantes de El Recreo, sino para quienes habitan en sectores vecinos. \u201cEsta administraci\u00f3n est\u00e1 cumpliendo con esta comunidad y lo consignado en el plan de desarrollo municipal\u201d, dijo.<\/p>\n<p><strong>\u00a0\u201cEstas obras dignifican a la comunidad\u201d<\/strong><\/p>\n<p>La percepci\u00f3n de la ciudadan\u00eda con la construcci\u00f3n del\u00a0parque\u00a0de El\u00a0Recreo\u00a0es que la administraci\u00f3n \u201cTurbaco S\u00ed Avanza\u201d est\u00e1 invirtiendo en los barrios.<\/p>\n<p>Para Ana Castro, habitante de El\u00a0Recreo, el\u00a0parque\u00a0es una necesidad porque de verdad nuestros ni\u00f1os necesitaban un espacio para jugar y con esa cancha m\u00faltiple que se construy\u00f3 se puede practicar voleibol, baloncesto y microf\u00fatbol.<\/p>\n<p>Otro morador del sector indic\u00f3 que lo mejor es que el parque se entreg\u00f3 encerrado y que tendr\u00e1 una junta de administraci\u00f3n que abrir\u00e1 el parque 4 am a 8 am para que los adultos se ejerciten. Luego se abrir\u00e1 a las 4 de la tarde y se cerrar\u00e1 a las 9 pm \u201cLa intenci\u00f3n que tenemos es cuidar este espacio que nos regala el municipio a los habitantes de El\u00a0Recreo\u201d, concluy\u00f3.<\/p>\n","protected":false},"excerpt":{"rendered":"<p>Con un gran aplauso y expresiones de alegr\u00eda recibieron los habitantes del barrio El Recreo, de Turbaco, de manos del alcalde, Antonio V\u00edctor Alcal\u00e1, las llaves de un \u2018mega parque\u2019 que tiene zona de juegos infantiles, cancha m\u00faltiple, zona bio saludable y zona social. \u201cEste es un sue\u00f1o que se hace realidad gracias a la administraci\u00f3n del doctor Antonio V\u00edctor Alcal\u00e1. Tenga la seguridad que este parque lo cuidaremos y lo mantendremos como una tacita de plata porque ser\u00e1 un sitio obligado para el encuentro ciudadano y familiar. Gracias, de&#8230; <\/p>\n","protected":false},"author":3,"featured_media":23853,"comment_status":"open","ping_status":"closed","sticky":false,"template":"","format":"standard","meta":{"footnotes":"","_links_to":"","_links_to_target":""},"categories":[75,83,80],"tags":[],"class_list":["post-23852","post","type-post","status-publish","format-standard","has-post-thumbnail","hentry","category-destacada","category-municipios","category-region"],"_links":{"self":[{"href":"https:\/\/revistazetta.com\/index.php?rest_route=\/wp\/v2\/posts\/23852","targetHints":{"allow":["GET"]}}],"collection":[{"href":"https:\/\/revistazetta.com\/index.php?rest_route=\/wp\/v2\/posts"}],"about":[{"href":"https:\/\/revistazetta.com\/index.php?rest_route=\/wp\/v2\/types\/post"}],"author":[{"embeddable":true,"href":"https:\/\/revistazetta.com\/index.php?rest_route=\/wp\/v2\/users\/3"}],"replies":[{"embeddable":true,"href":"https:\/\/revistazetta.com\/index.php?rest_route=%2Fwp%2Fv2%2Fcomments&post=23852"}],"version-history":[{"count":0,"href":"https:\/\/revistazetta.com\/index.php?rest_route=\/wp\/v2\/posts\/23852\/revisions"}],"wp:featuredmedia":[{"embeddable":true,"href":"https:\/\/revistazetta.com\/index.php?rest_route=\/wp\/v2\/media\/23853"}],"wp:attachment":[{"href":"https:\/\/revistazetta.com\/index.php?rest_route=%2Fwp%2Fv2%2Fmedia&parent=23852"}],"wp:term":[{"taxonomy":"category","embeddable":true,"href":"https:\/\/revistazetta.com\/index.php?rest_route=%2Fwp%2Fv2%2Fcategories&post=23852"},{"taxonomy":"post_tag","embeddable":true,"href":"https:\/\/revistazetta.com\/index.php?rest_route=%2Fwp%2Fv2%2Ftags&post=23852"}],"curies":[{"name":"wp","href":"https:\/\/api.w.org\/{rel}","templated":true}]}}