{"id":23854,"date":"2018-01-21T08:50:18","date_gmt":"2018-01-21T13:50:18","guid":{"rendered":"http:\/\/www.revistazetta.com\/?p=23854"},"modified":"2018-01-21T08:50:18","modified_gmt":"2018-01-21T13:50:18","slug":"concesion-vial-trabaja-24-horas-habilitar-via-del-fondo-rotatorio","status":"publish","type":"post","link":"https:\/\/revistazetta.com\/?p=23854","title":{"rendered":"Concesi\u00f3n Vial trabaja 24 horas para habilitar v\u00eda del Fondo Rotatorio"},"content":{"rendered":"<p>Desde ayer cuando abruptamente se present\u00f3 el da\u00f1o en aproximadamente 1,3 kil\u00f3metros de la v\u00eda aleda\u00f1a al peaje del Fondo Rotatorio por la instalaci\u00f3n de una tuber\u00eda subterr\u00e1nea por parte de la Empresa de Energ\u00eda de Bogot\u00e1 (EEB), \u00a0la Concesi\u00f3n Vial de Cartagena trabaja para recuperar ese tramo, cerrado al paso veh\u00edcular.<\/p>\n<p>El presidente de la Concesi\u00f3n Vial de Cartagena, Ren\u00e9 Osorio Cruz, indic\u00f3 que debido a la presi\u00f3n que ejerce el agua para instalar la tuber\u00eda, el lodo (bentonita) ha afectado la v\u00eda, humedeciendo la sub-base y base granular, fractur\u00e1ndola totalmente e imposibilitando el paso vehicular.<\/p>\n<p>\u201cNuestros funcionarios han estado trabajando sin descanso para lograr retirar el material y estabilizar la zona. Esperamos terminar esos trabajos en el d\u00eda de ma\u00f1ana para habilitar la v\u00eda\u201d, dijo.<\/p>\n<p>\u201cNuestro personal para evitar congestiones vehiculares por la v\u00eda de Abocol, \u00fanica entrada y salida a la zona Industrial de Mamonal habilitada, ha levantado talanqueras dejando pasar a 1.024 veh\u00edculos\u201d, dijo.<\/p>\n<p>De igual forma, explic\u00f3 que el lodo que ha salido en esa zona es producto de las excavaciones, y no del fen\u00f3meno de diapirismo (volcanes de lodo), que se manifiesta en una zona cercana al bario El Rodeo.<\/p>\n<p>\u201cLa ejecuci\u00f3n de estas obras causan abultamiento de la v\u00eda, aparici\u00f3n de huecos por donde brota lodo y agua, por lo que se debe mantener un equipo de personas realizando labores de limpieza y el arreglo de la v\u00eda para cumplir con el contrato. Nosotros no nos oponemos a esta obra, pero es necesario que la Empresa de Energ\u00eda de Bogot\u00e1 asuma los da\u00f1os de manera inmediata, pues por los da\u00f1os que se presentan a diario en ese tramo de v\u00eda, se ha generado una campa\u00f1a de desprestigio en contra de la Concesi\u00f3n Vial y las quejas de muchos de los usuarios de la v\u00eda\u201d, asegur\u00f3.<\/p>\n<p>&nbsp;<\/p>\n<p>\u201cSolicitamos entendimiento y paciencia por parte de la ciudadan\u00eda y los usuarios del Corredor, pues debemos esperar a que se terminen las obras por parte del Grupo de Energ\u00eda de Bogot\u00e1 (GEB) para poder arreglar la v\u00eda\u201d.<\/p>\n","protected":false},"excerpt":{"rendered":"<p>Desde ayer cuando abruptamente se present\u00f3 el da\u00f1o en aproximadamente 1,3 kil\u00f3metros de la v\u00eda aleda\u00f1a al peaje del Fondo Rotatorio por la instalaci\u00f3n de una tuber\u00eda subterr\u00e1nea por parte de la Empresa de Energ\u00eda de Bogot\u00e1 (EEB), \u00a0la Concesi\u00f3n Vial de Cartagena trabaja para recuperar ese tramo, cerrado al paso veh\u00edcular. El presidente de la Concesi\u00f3n Vial de Cartagena, Ren\u00e9 Osorio Cruz, indic\u00f3 que debido a la presi\u00f3n que ejerce el agua para instalar la tuber\u00eda, el lodo (bentonita) ha afectado la v\u00eda, humedeciendo la sub-base y base granular,&#8230; <\/p>\n","protected":false},"author":3,"featured_media":23855,"comment_status":"open","ping_status":"closed","sticky":false,"template":"","format":"standard","meta":{"footnotes":"","_links_to":"","_links_to_target":""},"categories":[2,75],"tags":[],"class_list":["post-23854","post","type-post","status-publish","format-standard","has-post-thumbnail","hentry","category-actualidad","category-destacada"],"_links":{"self":[{"href":"https:\/\/revistazetta.com\/index.php?rest_route=\/wp\/v2\/posts\/23854","targetHints":{"allow":["GET"]}}],"collection":[{"href":"https:\/\/revistazetta.com\/index.php?rest_route=\/wp\/v2\/posts"}],"about":[{"href":"https:\/\/revistazetta.com\/index.php?rest_route=\/wp\/v2\/types\/post"}],"author":[{"embeddable":true,"href":"https:\/\/revistazetta.com\/index.php?rest_route=\/wp\/v2\/users\/3"}],"replies":[{"embeddable":true,"href":"https:\/\/revistazetta.com\/index.php?rest_route=%2Fwp%2Fv2%2Fcomments&post=23854"}],"version-history":[{"count":0,"href":"https:\/\/revistazetta.com\/index.php?rest_route=\/wp\/v2\/posts\/23854\/revisions"}],"wp:featuredmedia":[{"embeddable":true,"href":"https:\/\/revistazetta.com\/index.php?rest_route=\/wp\/v2\/media\/23855"}],"wp:attachment":[{"href":"https:\/\/revistazetta.com\/index.php?rest_route=%2Fwp%2Fv2%2Fmedia&parent=23854"}],"wp:term":[{"taxonomy":"category","embeddable":true,"href":"https:\/\/revistazetta.com\/index.php?rest_route=%2Fwp%2Fv2%2Fcategories&post=23854"},{"taxonomy":"post_tag","embeddable":true,"href":"https:\/\/revistazetta.com\/index.php?rest_route=%2Fwp%2Fv2%2Ftags&post=23854"}],"curies":[{"name":"wp","href":"https:\/\/api.w.org\/{rel}","templated":true}]}}