{"id":23856,"date":"2018-01-21T08:54:02","date_gmt":"2018-01-21T13:54:02","guid":{"rendered":"http:\/\/www.revistazetta.com\/?p=23856"},"modified":"2018-01-21T08:54:02","modified_gmt":"2018-01-21T13:54:02","slug":"estos-los-seleccionados-al-festival-del-frito-2018","status":"publish","type":"post","link":"https:\/\/revistazetta.com\/?p=23856","title":{"rendered":"Estos son los seleccionados al Festival del Frito 2018"},"content":{"rendered":"<p>La Alcald\u00eda de Cartagena a trav\u00e9s del Instituto de Patrimonio y Cultura de Cartagena (IPCC) publica el listado de participantes oficiales al XXXIV Festival del Frito cartagenero. Recordemos que los aspirantes presentaron documentaci\u00f3n y ex\u00e1menes m\u00e9dicos debidamente revisados por las autoridades competentes.<\/p>\n<p><strong>SELECCIONADOS<\/strong><\/p>\n<p>1 Karolay Le\u00f3n<br \/>\n2 Viviana P\u00e9rez Chiquillo<br \/>\n3 Mer\u00eda Nelbadis Coa Blanquicett<br \/>\n4 Luz Marina Rivas Cuesta<br \/>\n5 Sonia Mena Palacios<br \/>\n6 Rosa Cabarcas Jim\u00e9nez<br \/>\n7 Yennis Patricia Pacheco Bravo<br \/>\n8 Bernabela Bru Zambrano<br \/>\n9 Alexandra Mart\u00ednez Coa<br \/>\n10 Dubis Sanchez Iriarte<br \/>\n11 Ana Mercedes Anaya<br \/>\n12 Luis Fernando Cuava Esobar<br \/>\n13 Giselle Arellano M\u00e9ndez<br \/>\n14 Judith Ester Blanco P\u00e9rez<br \/>\n15 Nereida Mendoza P\u00e9rez<br \/>\n16 Norma Mar\u00eda Anaya Palacio<br \/>\n17 Marelvis del Rosario Gonz\u00e1lez<br \/>\nUrueta<br \/>\n18 Ana Georgina Le\u00f3n Paternina<br \/>\n19 Piedad Rhenals Cisnero<br \/>\n20 Argemiro Torreglosa<br \/>\n21 Ana Belen Arzuaza Jimenez<br \/>\n22 Keiber Berdugo torres<br \/>\n23 Dalgy Mar\u00eda Puello Ramos<br \/>\n24 Alicia del Carmen Torres Mar\u00edn<br \/>\n25 Mar\u00eda Valiente Ballesteros<br \/>\n26 Rigoberta Ramos Camargo<br \/>\n27 Roberto Carlos Morales Ceren<br \/>\n28 Rosa Esther Perez<br \/>\n29 Suranis Sayas Salas<br \/>\n30 Yadira Iriarte<br \/>\n31 Graciela Sofia Pianeta de Pineda<br \/>\n32 Mar\u00eda de Carmen Barclay Segovia<br \/>\n33 Yuris Suarez Bernett<br \/>\n34 Josefa Fernandez P\u00e9rez<br \/>\n35\u00a0Jos\u00e9 Gregorio Suarez Zu\u00f1iga<br \/>\n36 Rosalba Zu\u00f1iga Blanquicett<br \/>\n37 Martha Elena Torres Mar\u00edn<br \/>\n38 Marina Torres De Urueta<br \/>\n39 Beatriz Elena Iriarte<br \/>\n40 Glenis del Carmen Castro Peralta<\/p>\n<p>No te pierdas del 24 de enero al 4 de febrero la agenda acad\u00e9mica, gastron\u00f3mica y cultural de la versi\u00f3n XXXIV del Festival del Frito Cartagenero en el marco de las Fiestas de la Candelaria.<\/p>\n<p>Descargue aqu\u00ed la agenda oficial -&gt;\u00a0<a href=\"https:\/\/ipcc.us9.list-manage.com\/track\/click?u=55c618b80fcd05c0ad980f4cc&amp;id=b563c5ee35&amp;e=e9466fa7cd\" target=\"_blank\" rel=\"noopener nofollow\" data-saferedirecturl=\"https:\/\/www.google.com\/url?hl=es&amp;q=https:\/\/ipcc.us9.list-manage.com\/track\/click?u%3D55c618b80fcd05c0ad980f4cc%26id%3Db563c5ee35%26e%3De9466fa7cd&amp;source=gmail&amp;ust=1516629059703000&amp;usg=AFQjCNETLpR24tEhzj0g3JWoB00BsAc5MA\">https:\/\/goo.gl\/XFY1ta<\/a><\/p>\n<p>\u00a1Acomp\u00e1\u00f1anos!<\/p>\n","protected":false},"excerpt":{"rendered":"<p>La Alcald\u00eda de Cartagena a trav\u00e9s del Instituto de Patrimonio y Cultura de Cartagena (IPCC) publica el listado de participantes oficiales al XXXIV Festival del Frito cartagenero. Recordemos que los aspirantes presentaron documentaci\u00f3n y ex\u00e1menes m\u00e9dicos debidamente revisados por las autoridades competentes. SELECCIONADOS 1 Karolay Le\u00f3n 2 Viviana P\u00e9rez Chiquillo 3 Mer\u00eda Nelbadis Coa Blanquicett 4 Luz Marina Rivas Cuesta 5 Sonia Mena Palacios 6 Rosa Cabarcas Jim\u00e9nez 7 Yennis Patricia Pacheco Bravo 8 Bernabela Bru Zambrano 9 Alexandra Mart\u00ednez Coa 10 Dubis Sanchez Iriarte 11 Ana Mercedes Anaya 12&#8230; <\/p>\n","protected":false},"author":3,"featured_media":23857,"comment_status":"open","ping_status":"closed","sticky":false,"template":"","format":"standard","meta":{"footnotes":"","_links_to":"","_links_to_target":""},"categories":[41,58,75],"tags":[],"class_list":["post-23856","post","type-post","status-publish","format-standard","has-post-thumbnail","hentry","category-cultura","category-cocina","category-destacada"],"_links":{"self":[{"href":"https:\/\/revistazetta.com\/index.php?rest_route=\/wp\/v2\/posts\/23856","targetHints":{"allow":["GET"]}}],"collection":[{"href":"https:\/\/revistazetta.com\/index.php?rest_route=\/wp\/v2\/posts"}],"about":[{"href":"https:\/\/revistazetta.com\/index.php?rest_route=\/wp\/v2\/types\/post"}],"author":[{"embeddable":true,"href":"https:\/\/revistazetta.com\/index.php?rest_route=\/wp\/v2\/users\/3"}],"replies":[{"embeddable":true,"href":"https:\/\/revistazetta.com\/index.php?rest_route=%2Fwp%2Fv2%2Fcomments&post=23856"}],"version-history":[{"count":0,"href":"https:\/\/revistazetta.com\/index.php?rest_route=\/wp\/v2\/posts\/23856\/revisions"}],"wp:featuredmedia":[{"embeddable":true,"href":"https:\/\/revistazetta.com\/index.php?rest_route=\/wp\/v2\/media\/23857"}],"wp:attachment":[{"href":"https:\/\/revistazetta.com\/index.php?rest_route=%2Fwp%2Fv2%2Fmedia&parent=23856"}],"wp:term":[{"taxonomy":"category","embeddable":true,"href":"https:\/\/revistazetta.com\/index.php?rest_route=%2Fwp%2Fv2%2Fcategories&post=23856"},{"taxonomy":"post_tag","embeddable":true,"href":"https:\/\/revistazetta.com\/index.php?rest_route=%2Fwp%2Fv2%2Ftags&post=23856"}],"curies":[{"name":"wp","href":"https:\/\/api.w.org\/{rel}","templated":true}]}}