{"id":23864,"date":"2018-01-22T07:42:14","date_gmt":"2018-01-22T12:42:14","guid":{"rendered":"http:\/\/www.revistazetta.com\/?p=23864"},"modified":"2018-01-22T07:44:05","modified_gmt":"2018-01-22T12:44:05","slug":"jorge-benedetti-candidato-la-camara-representantes-bolivar-recibe-respaldo-magangue-arjona","status":"publish","type":"post","link":"https:\/\/revistazetta.com\/?p=23864","title":{"rendered":"Jorge Benedetti, candidato a la C\u00e1mara de Representantes por Bol\u00edvar,\u00a0recibe el respaldo de Magangu\u00e9 y Arjona"},"content":{"rendered":"<p><img loading=\"lazy\" decoding=\"async\" class=\"alignright size-medium wp-image-23867\" src=\"https:\/\/www.revistazetta.com\/wp-content\/uploads\/2018\/01\/JB-3-300x188.jpg\" alt=\"\" width=\"300\" height=\"188\" srcset=\"https:\/\/revistazetta.com\/wp-content\/uploads\/2018\/01\/JB-3-300x188.jpg 300w, https:\/\/revistazetta.com\/wp-content\/uploads\/2018\/01\/JB-3.jpg 1024w, https:\/\/revistazetta.com\/wp-content\/uploads\/2018\/01\/JB-3-234x146.jpg 234w, https:\/\/revistazetta.com\/wp-content\/uploads\/2018\/01\/JB-3-50x31.jpg 50w, https:\/\/revistazetta.com\/wp-content\/uploads\/2018\/01\/JB-3-120x75.jpg 120w\" sizes=\"auto, (max-width: 300px) 100vw, 300px\" \/>Un apote\u00f3sico recibiendo por parte de los habitantes de los municipios de Arjona y Magangu\u00e9 tuvo el candidato a la C\u00e1mara de Representantes por Bol\u00edvar, Jorge Benedetti, durante el fin de semana a donde llev\u00f3 su principal propuesta de recuperar Bol\u00edvar.<\/p>\n<p>\u00abCon ellos nos comprometimos, una vez lleguemos al Congreso,\u00a0 a trabajar para recuperar la seguridad en sus municipios,\u00a0 y para que nuestros j\u00f3venes tengan m\u00e1s oportunidades de estudio y laborales\u00bb, manifest\u00f3 Jorge Benedetti, aspirante a la C\u00e1mara de Representantes, luego de escuchar las problem\u00e1ticas de los residentes.<\/p>\n<p>El s\u00e1bado el candidato de las Juventudes bolivarenses cumpli\u00f3 una nutrida agenda en la poblaci\u00f3n de Arjona; comenzando con un casa a casa dialogando con la gente, y luego asisti\u00f3 a reuniones multitudinarias donde los asistentes le manifiestaron su apoyo.<\/p>\n<p>\u00abNo creo en los pol\u00edticos, ya tengo 3 elecciones que ni voto, pero este joven Benedetti trabaja su pol\u00edtica con el coraz\u00f3n y limpiamente. Por eso yo tambi\u00e9n quiero junto a \u00e9l recuperar Bol\u00edvar\u00bb, asegur\u00f3 Tulia Gonz\u00e1lez, habitante de Arjona.<\/p>\n<p><img loading=\"lazy\" decoding=\"async\" class=\"alignright size-medium wp-image-23866\" src=\"https:\/\/www.revistazetta.com\/wp-content\/uploads\/2018\/01\/JB-2-300x188.jpg\" alt=\"\" width=\"300\" height=\"188\" srcset=\"https:\/\/revistazetta.com\/wp-content\/uploads\/2018\/01\/JB-2-300x188.jpg 300w, https:\/\/revistazetta.com\/wp-content\/uploads\/2018\/01\/JB-2.jpg 1024w, https:\/\/revistazetta.com\/wp-content\/uploads\/2018\/01\/JB-2-234x146.jpg 234w, https:\/\/revistazetta.com\/wp-content\/uploads\/2018\/01\/JB-2-50x31.jpg 50w, https:\/\/revistazetta.com\/wp-content\/uploads\/2018\/01\/JB-2-120x75.jpg 120w\" sizes=\"auto, (max-width: 300px) 100vw, 300px\" \/>El domingo,\u00a0 Magangu\u00e9 respondi\u00f3 al llamado de Jorge Benedetti para comenzar a hacer pol\u00edtica transparente. En este municipio\u00a0 los habitantes lo recibieron\u00a0 con cari\u00f1o y acogieron con esperanza las propuestas de cambio del candidato.<\/p>\n<p>Nora Mart\u00ednez, residente en Magangu\u00e9, se\u00f1al\u00f3 que conf\u00eda en Jorge Benedetti porque es un candidato diferente, \u00ab\u00e9l en realidad s\u00ed quiere trabajar por mejorar las condiciones de los bolivarenses\u00bb.<\/p>\n","protected":false},"excerpt":{"rendered":"<p>Un apote\u00f3sico recibiendo por parte de los habitantes de los municipios de Arjona y Magangu\u00e9 tuvo el candidato a la C\u00e1mara de Representantes por Bol\u00edvar, Jorge Benedetti, durante el fin de semana a donde llev\u00f3 su principal propuesta de recuperar Bol\u00edvar. \u00abCon ellos nos comprometimos, una vez lleguemos al Congreso,\u00a0 a trabajar para recuperar la seguridad en sus municipios,\u00a0 y para que nuestros j\u00f3venes tengan m\u00e1s oportunidades de estudio y laborales\u00bb, manifest\u00f3 Jorge Benedetti, aspirante a la C\u00e1mara de Representantes, luego de escuchar las problem\u00e1ticas de los residentes. El s\u00e1bado&#8230; <\/p>\n","protected":false},"author":3,"featured_media":23868,"comment_status":"open","ping_status":"closed","sticky":false,"template":"","format":"standard","meta":{"footnotes":"","_links_to":"","_links_to_target":""},"categories":[75,4],"tags":[],"class_list":["post-23864","post","type-post","status-publish","format-standard","has-post-thumbnail","hentry","category-destacada","category-politica"],"_links":{"self":[{"href":"https:\/\/revistazetta.com\/index.php?rest_route=\/wp\/v2\/posts\/23864","targetHints":{"allow":["GET"]}}],"collection":[{"href":"https:\/\/revistazetta.com\/index.php?rest_route=\/wp\/v2\/posts"}],"about":[{"href":"https:\/\/revistazetta.com\/index.php?rest_route=\/wp\/v2\/types\/post"}],"author":[{"embeddable":true,"href":"https:\/\/revistazetta.com\/index.php?rest_route=\/wp\/v2\/users\/3"}],"replies":[{"embeddable":true,"href":"https:\/\/revistazetta.com\/index.php?rest_route=%2Fwp%2Fv2%2Fcomments&post=23864"}],"version-history":[{"count":0,"href":"https:\/\/revistazetta.com\/index.php?rest_route=\/wp\/v2\/posts\/23864\/revisions"}],"wp:featuredmedia":[{"embeddable":true,"href":"https:\/\/revistazetta.com\/index.php?rest_route=\/wp\/v2\/media\/23868"}],"wp:attachment":[{"href":"https:\/\/revistazetta.com\/index.php?rest_route=%2Fwp%2Fv2%2Fmedia&parent=23864"}],"wp:term":[{"taxonomy":"category","embeddable":true,"href":"https:\/\/revistazetta.com\/index.php?rest_route=%2Fwp%2Fv2%2Fcategories&post=23864"},{"taxonomy":"post_tag","embeddable":true,"href":"https:\/\/revistazetta.com\/index.php?rest_route=%2Fwp%2Fv2%2Ftags&post=23864"}],"curies":[{"name":"wp","href":"https:\/\/api.w.org\/{rel}","templated":true}]}}