{"id":23869,"date":"2018-01-22T07:45:56","date_gmt":"2018-01-22T12:45:56","guid":{"rendered":"http:\/\/www.revistazetta.com\/?p=23869"},"modified":"2018-01-22T07:45:56","modified_gmt":"2018-01-22T12:45:56","slug":"renovar-registros-publicos-camara-comercio-cartagena","status":"publish","type":"post","link":"https:\/\/revistazetta.com\/?p=23869","title":{"rendered":"A renovar registros p\u00fablicos en C\u00e1mara de Comercio de Cartagena"},"content":{"rendered":"<ul>\n<li>\n<blockquote><p><em>E<\/em><em>l proceso de renovaci\u00f3n, podr\u00e1 hacerse de manera virtual y \u00a0en cualquiera de las sedes y seccionales, en los horarios habituales.<\/em><\/p><\/blockquote>\n<\/li>\n<li>\n<blockquote><p><em>31 de marzo de 2018 \u00faltimo plazo para la Renovaci\u00f3n<\/em><em>.<\/em><\/p><\/blockquote>\n<\/li>\n<\/ul>\n<p>Con la campa\u00f1a \u201cTu Servicio: F\u00e1cil, R\u00e1pido y Seguro\u201d, la C\u00e1mara de Comercio de Cartagena inici\u00f3 el proceso de Renovaci\u00f3n de los registros p\u00fablicos, para que m\u00e1s de 66.000 inscritos y matriculados puedan cumplir con su obligaci\u00f3n legal.<\/p>\n<p>La apuesta para el a\u00f1o 2018 es ofrecer un servicio \u00e1gil y sin filas, a trav\u00e9s de la renovaci\u00f3n virtual, para ello, el comerciante (persona natural o jur\u00eddica) solo debe ingresar a nuestro sitio web <a href=\"https:\/\/www.cccartagena.org.co\/\" data-saferedirecturl=\"https:\/\/www.google.com\/url?hl=es&amp;q=https:\/\/www.cccartagena.org.co\/&amp;source=gmail&amp;ust=1516710350257000&amp;usg=AFQjCNFsEiI-Zqcwk4WnEoHM8y31X8IDcQ\" target=\"_blank\" rel=\"noopener\">www.cccartagena.org.co<\/a>, a la secci\u00f3n servicios en l\u00ednea.<\/p>\n<p>Es importante recordar que el proceso de renovaci\u00f3n, que culmina\u00a0<strong>el pr\u00f3ximo 31 de marzo<\/strong>, tambi\u00e9n podr\u00e1 hacerse de manera presencial en cualquiera de las sedes y seccionales de la C\u00e1mara de Comercio de Cartagena, en los horarios habituales.<\/p>\n<p>\u201cRenovar oportunamente proporciona seguridad y confianza en los negocios y lo acredita ante los clientes como un comerciante formal y cumplidor de sus deberes legales\u201d, afirm\u00f3 la Presidenta Ejecutiva, Mar\u00eda Claudia P\u00e1ez Mallarino.<\/p>\n<p>Este a\u00f1o continuaremos con el servicio de <strong><em>C\u00e1mara M\u00f3vil<\/em><\/strong>, que al igual que en a\u00f1os anteriores \u00a0estar\u00e1 recorriendo los 19 municipios de la jurisdicci\u00f3n de la CCC, que corresponden a los municipios del centro y norte del departamento de Bol\u00edvar; as\u00ed como a los diferentes barrios de Cartagena con el prop\u00f3sito de facilitar el proceso de Renovaci\u00f3n en la ciudad y acercar los servicios de brinda la entidad a los sectores y rincones de la ciudad.<\/p>\n","protected":false},"excerpt":{"rendered":"<p>El proceso de renovaci\u00f3n, podr\u00e1 hacerse de manera virtual y \u00a0en cualquiera de las sedes y seccionales, en los horarios habituales. 31 de marzo de 2018 \u00faltimo plazo para la Renovaci\u00f3n. Con la campa\u00f1a \u201cTu Servicio: F\u00e1cil, R\u00e1pido y Seguro\u201d, la C\u00e1mara de Comercio de Cartagena inici\u00f3 el proceso de Renovaci\u00f3n de los registros p\u00fablicos, para que m\u00e1s de 66.000 inscritos y matriculados puedan cumplir con su obligaci\u00f3n legal. La apuesta para el a\u00f1o 2018 es ofrecer un servicio \u00e1gil y sin filas, a trav\u00e9s de la renovaci\u00f3n virtual, para&#8230; <\/p>\n","protected":false},"author":3,"featured_media":0,"comment_status":"open","ping_status":"closed","sticky":false,"template":"","format":"standard","meta":{"footnotes":"","_links_to":"","_links_to_target":""},"categories":[3,50],"tags":[],"class_list":["post-23869","post","type-post","status-publish","format-standard","hentry","category-ciudad","category-empresa"],"_links":{"self":[{"href":"https:\/\/revistazetta.com\/index.php?rest_route=\/wp\/v2\/posts\/23869","targetHints":{"allow":["GET"]}}],"collection":[{"href":"https:\/\/revistazetta.com\/index.php?rest_route=\/wp\/v2\/posts"}],"about":[{"href":"https:\/\/revistazetta.com\/index.php?rest_route=\/wp\/v2\/types\/post"}],"author":[{"embeddable":true,"href":"https:\/\/revistazetta.com\/index.php?rest_route=\/wp\/v2\/users\/3"}],"replies":[{"embeddable":true,"href":"https:\/\/revistazetta.com\/index.php?rest_route=%2Fwp%2Fv2%2Fcomments&post=23869"}],"version-history":[{"count":0,"href":"https:\/\/revistazetta.com\/index.php?rest_route=\/wp\/v2\/posts\/23869\/revisions"}],"wp:attachment":[{"href":"https:\/\/revistazetta.com\/index.php?rest_route=%2Fwp%2Fv2%2Fmedia&parent=23869"}],"wp:term":[{"taxonomy":"category","embeddable":true,"href":"https:\/\/revistazetta.com\/index.php?rest_route=%2Fwp%2Fv2%2Fcategories&post=23869"},{"taxonomy":"post_tag","embeddable":true,"href":"https:\/\/revistazetta.com\/index.php?rest_route=%2Fwp%2Fv2%2Ftags&post=23869"}],"curies":[{"name":"wp","href":"https:\/\/api.w.org\/{rel}","templated":true}]}}