{"id":23877,"date":"2018-01-22T22:45:32","date_gmt":"2018-01-23T03:45:32","guid":{"rendered":"http:\/\/www.revistazetta.com\/?p=23877"},"modified":"2018-01-22T22:45:32","modified_gmt":"2018-01-23T03:45:32","slug":"grupo-payarista-antonio-correa-senado-hernando-padaui-camara","status":"publish","type":"post","link":"https:\/\/revistazetta.com\/?p=23877","title":{"rendered":"Grupo Payarista, con Antonio Correa a Senado y Hernando Padau\u00ed a C\u00e1mara"},"content":{"rendered":"<div>El grupo \u00abPayarista\u00bb realiz\u00f3 una reuni\u00f3n con los lideres de la localidad 1-2 y 3 para coordinar los diferentes aspectos para las pr\u00f3ximas elecciones. El grupo Payarista -integrado por la Familia Payares Castillo- votar\u00e1 para el Senado por Antonio Correa Jim\u00e9nez, y para la Camara por eHernando Padau\u00ed, quienes en sus labores legislativas lograron sacar varios proyectos enmarcados en la seguridad social y la ley de v\u00edctimas.<\/div>\n<div><\/div>\n<div>De izquierda a derecha est\u00e1n Jes\u00fas Payares Castillo, Lidis Acu\u00f1a, Donaldo Vargas, Jorge Payares Castillo, Gilberto Perez, Yesid Mart\u00ednez, Yoaisi Fl\u00f3rez, Orietta V\u00e1squez.<\/div>\n","protected":false},"excerpt":{"rendered":"<p>El grupo \u00abPayarista\u00bb realiz\u00f3 una reuni\u00f3n con los lideres de la localidad 1-2 y 3 para coordinar los diferentes aspectos para las pr\u00f3ximas elecciones. El grupo Payarista -integrado por la Familia Payares Castillo- votar\u00e1 para el Senado por Antonio Correa Jim\u00e9nez, y para la Camara por eHernando Padau\u00ed, quienes en sus labores legislativas lograron sacar varios proyectos enmarcados en la seguridad social y la ley de v\u00edctimas. De izquierda a derecha est\u00e1n Jes\u00fas Payares Castillo, Lidis Acu\u00f1a, Donaldo Vargas, Jorge Payares Castillo, Gilberto Perez, Yesid Mart\u00ednez, Yoaisi Fl\u00f3rez, Orietta V\u00e1squez.<\/p>\n","protected":false},"author":3,"featured_media":23878,"comment_status":"open","ping_status":"closed","sticky":false,"template":"","format":"standard","meta":{"footnotes":"","_links_to":"","_links_to_target":""},"categories":[4],"tags":[],"class_list":["post-23877","post","type-post","status-publish","format-standard","has-post-thumbnail","hentry","category-politica"],"_links":{"self":[{"href":"https:\/\/revistazetta.com\/index.php?rest_route=\/wp\/v2\/posts\/23877","targetHints":{"allow":["GET"]}}],"collection":[{"href":"https:\/\/revistazetta.com\/index.php?rest_route=\/wp\/v2\/posts"}],"about":[{"href":"https:\/\/revistazetta.com\/index.php?rest_route=\/wp\/v2\/types\/post"}],"author":[{"embeddable":true,"href":"https:\/\/revistazetta.com\/index.php?rest_route=\/wp\/v2\/users\/3"}],"replies":[{"embeddable":true,"href":"https:\/\/revistazetta.com\/index.php?rest_route=%2Fwp%2Fv2%2Fcomments&post=23877"}],"version-history":[{"count":0,"href":"https:\/\/revistazetta.com\/index.php?rest_route=\/wp\/v2\/posts\/23877\/revisions"}],"wp:featuredmedia":[{"embeddable":true,"href":"https:\/\/revistazetta.com\/index.php?rest_route=\/wp\/v2\/media\/23878"}],"wp:attachment":[{"href":"https:\/\/revistazetta.com\/index.php?rest_route=%2Fwp%2Fv2%2Fmedia&parent=23877"}],"wp:term":[{"taxonomy":"category","embeddable":true,"href":"https:\/\/revistazetta.com\/index.php?rest_route=%2Fwp%2Fv2%2Fcategories&post=23877"},{"taxonomy":"post_tag","embeddable":true,"href":"https:\/\/revistazetta.com\/index.php?rest_route=%2Fwp%2Fv2%2Ftags&post=23877"}],"curies":[{"name":"wp","href":"https:\/\/api.w.org\/{rel}","templated":true}]}}