{"id":23879,"date":"2018-01-22T22:50:21","date_gmt":"2018-01-23T03:50:21","guid":{"rendered":"http:\/\/www.revistazetta.com\/?p=23879"},"modified":"2018-01-22T22:50:21","modified_gmt":"2018-01-23T03:50:21","slug":"bentonita-no-diapirismo","status":"publish","type":"post","link":"https:\/\/revistazetta.com\/?p=23879","title":{"rendered":"\u201cEs bentonita, no diapirismo\u201d"},"content":{"rendered":"<p>Desde el viernes anterior cuando se present\u00f3 la emergencia en la v\u00eda de acceso al Corredor de Carga en la zona del peaje La Heroica, por los trabajos de instalaci\u00f3n del cableado el\u00e9ctrico que adelanta la Empresa de Energ\u00eda de Bogot\u00e1 (EEB), Olaff Puello, director de la Corporaci\u00f3n Aut\u00f3noma Regional del Canal del Dique (Cardique), hizo presencia con un grupo interdisciplinario de funcionarios verificando la situaci\u00f3n presentada y constat\u00f3 que la aparici\u00f3n del material arcilloso no est\u00e1 asociada al fen\u00f3meno de diapirismo.<\/p>\n<p>El director de Cardique, Olaff Puello Castillo, precis\u00f3 que se reuni\u00f3 con personal de la Concesi\u00f3n Vial, firma que opera el Corredor de Carga, y del Grupo de Energ\u00eda de Bogot\u00e1 (GEB), entidad que realiza los trabajos, quienes explicaron que la construcci\u00f3n del tramo subterr\u00e1neo de 4 kil\u00f3metros hab\u00eda originado el afloramiento sobre la v\u00eda del material utilizado para consolidar el cableado dentro del t\u00fanel, en \u00a0zona aleda\u00f1a del peaje La Heroica. En esa reuni\u00f3n particip\u00f3 Mayelis Chamorro, procuradora Ambiental, Judicial y Agraria de Cartagena.<\/p>\n<p>Precis\u00f3 que del subsuelo emana una mezcla de arcilla con agua (bentonita) con caracter\u00edsticas parecidas al lodo del diapiro, utilizada dentro de la ejecuci\u00f3n del proyecto de instalaci\u00f3n del cableado de energ\u00eda.<\/p>\n<p>\u201cNosotros estamos haciendo seguimiento a la situaci\u00f3n presentada y debemos advertir que ese lodo no tiene nada que ver con el diapirismo, presente en la zona, pues por las redes sociales se ha creado p\u00e1nico asociando la aparici\u00f3n del material con ese fen\u00f3meno\u201d, dijo.<\/p>\n<p>Explic\u00f3 que el proyecto hace parte del Plan 5 Caribe, estrategia con la que el Estado quiere fortalecer el sistema el\u00e9ctrico de la Costa Atl\u00e1ntica, aportando al crecimiento industrial, comercial, tur\u00edstico y el desarrollo urban\u00edstico del norte del departamento de Bol\u00edvar. El mismo comprende la construcci\u00f3n de 20 kil\u00f3metros (subterr\u00e1nea y \u00e1rea) de l\u00ednea de transmisi\u00f3n entre la subestaci\u00f3n Termocartagena (en Mamonal) y la Subestaci\u00f3n Bol\u00edvar, en el municipio de Santa Rosa de Lima Norte, y permitir\u00e1 reforzar el Sistema de Transmisi\u00f3n Nacional para fortalecer el servicio de energ\u00eda de toda la regi\u00f3n.<\/p>\n","protected":false},"excerpt":{"rendered":"<p>Desde el viernes anterior cuando se present\u00f3 la emergencia en la v\u00eda de acceso al Corredor de Carga en la zona del peaje La Heroica, por los trabajos de instalaci\u00f3n del cableado el\u00e9ctrico que adelanta la Empresa de Energ\u00eda de Bogot\u00e1 (EEB), Olaff Puello, director de la Corporaci\u00f3n Aut\u00f3noma Regional del Canal del Dique (Cardique), hizo presencia con un grupo interdisciplinario de funcionarios verificando la situaci\u00f3n presentada y constat\u00f3 que la aparici\u00f3n del material arcilloso no est\u00e1 asociada al fen\u00f3meno de diapirismo. El director de Cardique, Olaff Puello Castillo, precis\u00f3&#8230; <\/p>\n","protected":false},"author":3,"featured_media":23880,"comment_status":"open","ping_status":"closed","sticky":false,"template":"","format":"standard","meta":{"footnotes":"","_links_to":"","_links_to_target":""},"categories":[2,75],"tags":[],"class_list":["post-23879","post","type-post","status-publish","format-standard","has-post-thumbnail","hentry","category-actualidad","category-destacada"],"_links":{"self":[{"href":"https:\/\/revistazetta.com\/index.php?rest_route=\/wp\/v2\/posts\/23879","targetHints":{"allow":["GET"]}}],"collection":[{"href":"https:\/\/revistazetta.com\/index.php?rest_route=\/wp\/v2\/posts"}],"about":[{"href":"https:\/\/revistazetta.com\/index.php?rest_route=\/wp\/v2\/types\/post"}],"author":[{"embeddable":true,"href":"https:\/\/revistazetta.com\/index.php?rest_route=\/wp\/v2\/users\/3"}],"replies":[{"embeddable":true,"href":"https:\/\/revistazetta.com\/index.php?rest_route=%2Fwp%2Fv2%2Fcomments&post=23879"}],"version-history":[{"count":0,"href":"https:\/\/revistazetta.com\/index.php?rest_route=\/wp\/v2\/posts\/23879\/revisions"}],"wp:featuredmedia":[{"embeddable":true,"href":"https:\/\/revistazetta.com\/index.php?rest_route=\/wp\/v2\/media\/23880"}],"wp:attachment":[{"href":"https:\/\/revistazetta.com\/index.php?rest_route=%2Fwp%2Fv2%2Fmedia&parent=23879"}],"wp:term":[{"taxonomy":"category","embeddable":true,"href":"https:\/\/revistazetta.com\/index.php?rest_route=%2Fwp%2Fv2%2Fcategories&post=23879"},{"taxonomy":"post_tag","embeddable":true,"href":"https:\/\/revistazetta.com\/index.php?rest_route=%2Fwp%2Fv2%2Ftags&post=23879"}],"curies":[{"name":"wp","href":"https:\/\/api.w.org\/{rel}","templated":true}]}}