{"id":23881,"date":"2018-01-22T22:56:54","date_gmt":"2018-01-23T03:56:54","guid":{"rendered":"http:\/\/www.revistazetta.com\/?p=23881"},"modified":"2018-01-22T22:56:54","modified_gmt":"2018-01-23T03:56:54","slug":"camara-comercio-cartagena-estara-foro-colombia-2018","status":"publish","type":"post","link":"https:\/\/revistazetta.com\/?p=23881","title":{"rendered":"C\u00e1mara de Comercio de Cartagena estar\u00e1 en el Foro Colombia 2018"},"content":{"rendered":"<p>Con el nombre \u00bfPara d\u00f3nde va el pa\u00eds?, la Casa Editorial Semana realizar\u00e1, por primera vez en Cartagena el Foro Colombia 2018, que contar\u00e1 con el apoyo de la C\u00e1mara de Comercio de Cartagena, entre otros patrocinadores.<\/p>\n<p>El evento, que se llevar\u00e1 a cabo en el hotel Intercontinental, es un espacio de encuentro de discusi\u00f3n acerca de los temas clave que definir\u00e1n la agenda del pa\u00eds en el presente a\u00f1o en los temas de econom\u00eda, justicia, desarrollo industrial y educaci\u00f3n, abordados por importantes l\u00edderes de Colombia.<\/p>\n<p>La presidenta Ejecutiva de la C\u00e1mara de Comercio de Cartagena, Mar\u00eda Claudia P\u00e1ez Mallarino, quien participar\u00e1 en el panel: \u2018Sector privado, el aliado para el desarrollo, asegur\u00f3 que la entidad se vincula complacida a este tipo de espacios, que resaltan la importancia de la Regi\u00f3n Caribe y colocan a Cartagena como referente para la realizaci\u00f3n de grandes eventos del orden nacional e internacional\u201d, anot\u00f3.<\/p>\n<p>La agenda abarcar\u00e1, adem\u00e1s, los paneles: \u00b4Econom\u00eda: \u00bfc\u00f3mo volver a crecer?\u00b4, \u00b4Pol\u00edtica: una mirada cr\u00edtica al a\u00f1o electoral\u00b4, \u2018Los retos del pr\u00f3ximo gobierno\u2019, \u2018Territorio: desarrollo, consulta previa y consultas populares\u2019, \u2018Educaci\u00f3n: motor de oportunidades para el pa\u00eds\u2019, \u00b4\u00bfC\u00f3mo solucionar la crisis de la justicia?\u2019; la conferencia: \u00b4Una mirada desde el Caribe hacia Colombia\u00b4 y la entrevista en vivo: \u2018Industrias creativas, mundo digital y turismo, un nuevo aire para la econom\u00eda\u2019.<\/p>\n<p>&nbsp;<\/p>\n","protected":false},"excerpt":{"rendered":"<p>Con el nombre \u00bfPara d\u00f3nde va el pa\u00eds?, la Casa Editorial Semana realizar\u00e1, por primera vez en Cartagena el Foro Colombia 2018, que contar\u00e1 con el apoyo de la C\u00e1mara de Comercio de Cartagena, entre otros patrocinadores. El evento, que se llevar\u00e1 a cabo en el hotel Intercontinental, es un espacio de encuentro de discusi\u00f3n acerca de los temas clave que definir\u00e1n la agenda del pa\u00eds en el presente a\u00f1o en los temas de econom\u00eda, justicia, desarrollo industrial y educaci\u00f3n, abordados por importantes l\u00edderes de Colombia. La presidenta Ejecutiva de&#8230; <\/p>\n","protected":false},"author":3,"featured_media":23882,"comment_status":"open","ping_status":"closed","sticky":false,"template":"","format":"standard","meta":{"footnotes":"","_links_to":"","_links_to_target":""},"categories":[3,75,50],"tags":[],"class_list":["post-23881","post","type-post","status-publish","format-standard","has-post-thumbnail","hentry","category-ciudad","category-destacada","category-empresa"],"_links":{"self":[{"href":"https:\/\/revistazetta.com\/index.php?rest_route=\/wp\/v2\/posts\/23881","targetHints":{"allow":["GET"]}}],"collection":[{"href":"https:\/\/revistazetta.com\/index.php?rest_route=\/wp\/v2\/posts"}],"about":[{"href":"https:\/\/revistazetta.com\/index.php?rest_route=\/wp\/v2\/types\/post"}],"author":[{"embeddable":true,"href":"https:\/\/revistazetta.com\/index.php?rest_route=\/wp\/v2\/users\/3"}],"replies":[{"embeddable":true,"href":"https:\/\/revistazetta.com\/index.php?rest_route=%2Fwp%2Fv2%2Fcomments&post=23881"}],"version-history":[{"count":0,"href":"https:\/\/revistazetta.com\/index.php?rest_route=\/wp\/v2\/posts\/23881\/revisions"}],"wp:featuredmedia":[{"embeddable":true,"href":"https:\/\/revistazetta.com\/index.php?rest_route=\/wp\/v2\/media\/23882"}],"wp:attachment":[{"href":"https:\/\/revistazetta.com\/index.php?rest_route=%2Fwp%2Fv2%2Fmedia&parent=23881"}],"wp:term":[{"taxonomy":"category","embeddable":true,"href":"https:\/\/revistazetta.com\/index.php?rest_route=%2Fwp%2Fv2%2Fcategories&post=23881"},{"taxonomy":"post_tag","embeddable":true,"href":"https:\/\/revistazetta.com\/index.php?rest_route=%2Fwp%2Fv2%2Ftags&post=23881"}],"curies":[{"name":"wp","href":"https:\/\/api.w.org\/{rel}","templated":true}]}}