{"id":23883,"date":"2018-01-22T23:06:29","date_gmt":"2018-01-23T04:06:29","guid":{"rendered":"http:\/\/www.revistazetta.com\/?p=23883"},"modified":"2018-01-22T23:06:29","modified_gmt":"2018-01-23T04:06:29","slug":"222-colegios-oficiales-bolivar-tendran-mejor-conectividad-2018","status":"publish","type":"post","link":"https:\/\/revistazetta.com\/?p=23883","title":{"rendered":"222 colegios oficiales de Bol\u00edvar tendr\u00e1n mejor conectividad en 2018"},"content":{"rendered":"<p><strong><em>Cicuco, Talaigua Nuevo, San Pablo, \u00a0Santa Rosa del Sur, Cantagallo, \u00a0Margarita, \u00a0Hatillo de Loba, \u00a0Regidor, \u00a0Mahates, Calamar, \u00a0Arroyo Hondo, \u00a0R\u00edo Viejo, \u00a0Arenal del Sur, \u00a0Noros\u00ed, Montecristo, San Jacinto, \u00a0San Juan Nepomuceno, \u00a0El Carmen de Bol\u00edvar, Mar\u00eda La Baja, \u00a0Zambrano y \u00a0 Tiquisio, son los municipios\u00a0 no certificados favorecidos con el servio de internet.<\/em><\/strong><\/p>\n<p>Mediante convenio interadministrativo celebrado entre el gobierno del \u201cBol\u00edvar S\u00ed Avanza\u201d que preside el gobernador, Dumek Turbay Paz y\u00a0 la firma estatal Colombiana INFOTIC S.A, 123 mil ni\u00f1os, ni\u00f1as y j\u00f3venes de 222 colegios oficiales con que cuenta el departamento en los 44 municipios no certificados de Bol\u00edvar, acceder\u00e1n a un mejor\u00a0 servicio de conectividad a internet, con el prop\u00f3sito de garantizar apropiaci\u00f3n de las Tecnolog\u00edas de Informaci\u00f3n y Comunicaci\u00f3n al servicio del mejoramiento de la calidad educativa, equidad\u00a0 y \u00a0competitividad.<\/p>\n<p>Hasta la fecha y desde el 2012 la administraci\u00f3n seccional ha invertido 20 mil 403 millones de pesos en conectividad. Hoy la administraci\u00f3n del \u201cBol\u00edvar S\u00cd Avanza\u201d, que lidera el gobernador Dumek Turbay Paz, pretende darle continuidad a esta estrategia mediante lineamientos del programa\u00a0 Conexi\u00f3n Total, que permite cubrir oportuna y eficientemente las instituciones educativas que adelantan las iniciativas; colegios pioneros \u201cTodos a Aprender\u201d, Jornada \u00danica y conexi\u00f3n a internet de las escuelas que presentan mayor n\u00famero de matr\u00edcula en el territorio bolivarense.<\/p>\n<p>El servicio ser\u00e1 operado en el departamento de Bol\u00edvar por la firma INFOTIC S.A, que dispone de una infraestructura tecnol\u00f3gica de alta capacidad y velocidad para la comunicaci\u00f3n, el intercambio de informaci\u00f3n y el trabajo administrativo que a diario adelantan los colegios del departamento.<\/p>\n<p>\u00d3scar Mar\u00edn Villalba, secretario de Educaci\u00f3n de Bol\u00edvar, dijo que la administraci\u00f3n del \u201cBol\u00edvar S\u00cd Avanza\u201d\u00a0 que lidera el gobernador Dumek Turbay Paz,\u00a0 se propone lograr un servicio de conectividad en los ambientes escolares de alta \u00a0calidad que permita fortalecer las estrategias orientadas a modernizar y mejorar los procesos pedag\u00f3gicos a trav\u00e9s del uso y apropiaci\u00f3n de las tecnolog\u00edas de la informaci\u00f3n y las comunicaciones TIC en las escuelas oficiales del departamento de Bol\u00edvar.<\/p>\n<p>Edgardo Ahumada Mu\u00f1oz, coordinador de la Unidad de Tecnolog\u00edas\u00a0 e Inform\u00e1ticas de la Secretar\u00eda de Educaci\u00f3n, dijo que el proyecto\u00a0 garantiza un ancho de banda de 10 megas en\u00a0 el \u00e1rea rural y en las escuelas oficiales ubicadas en los cascos urbanos, \u201ccon esta iniciativa logramos acercar y favorecer a las comunidades bolivarenses al servicio de conectividad a trav\u00e9s de 23 alcald\u00edas que tendr\u00e1n servicio de internet libre, 500 talleres en tics y puntos de acceso inal\u00e1mbricos\u201d, puntualiz\u00f3.<\/p>\n<p>\u201cHoy fortalecemos todos los procesos de matr\u00edcula, evaluaci\u00f3n, reporte de informaci\u00f3n, tramites de gobierno en l\u00ednea, zonas wifi en 23 plazas municipales y el sistema pedag\u00f3gico que requieren los ni\u00f1os, ni\u00f1as y j\u00f3venes \u00a0en las aulas regulares de clases de las instituciones educativas oficiales de Bol\u00edvar\u201d, indic\u00f3 Liner Campo Tejedor, director de Cobertura Educativa de Bol\u00edvar.<\/p>\n","protected":false},"excerpt":{"rendered":"<p>Cicuco, Talaigua Nuevo, San Pablo, \u00a0Santa Rosa del Sur, Cantagallo, \u00a0Margarita, \u00a0Hatillo de Loba, \u00a0Regidor, \u00a0Mahates, Calamar, \u00a0Arroyo Hondo, \u00a0R\u00edo Viejo, \u00a0Arenal del Sur, \u00a0Noros\u00ed, Montecristo, San Jacinto, \u00a0San Juan Nepomuceno, \u00a0El Carmen de Bol\u00edvar, Mar\u00eda La Baja, \u00a0Zambrano y \u00a0 Tiquisio, son los municipios\u00a0 no certificados favorecidos con el servio de internet. Mediante convenio interadministrativo celebrado entre el gobierno del \u201cBol\u00edvar S\u00ed Avanza\u201d que preside el gobernador, Dumek Turbay Paz y\u00a0 la firma estatal Colombiana INFOTIC S.A, 123 mil ni\u00f1os, ni\u00f1as y j\u00f3venes de 222 colegios oficiales con que&#8230; <\/p>\n","protected":false},"author":3,"featured_media":23884,"comment_status":"open","ping_status":"closed","sticky":false,"template":"","format":"standard","meta":{"footnotes":"","_links_to":"","_links_to_target":""},"categories":[75],"tags":[],"class_list":["post-23883","post","type-post","status-publish","format-standard","has-post-thumbnail","hentry","category-destacada"],"_links":{"self":[{"href":"https:\/\/revistazetta.com\/index.php?rest_route=\/wp\/v2\/posts\/23883","targetHints":{"allow":["GET"]}}],"collection":[{"href":"https:\/\/revistazetta.com\/index.php?rest_route=\/wp\/v2\/posts"}],"about":[{"href":"https:\/\/revistazetta.com\/index.php?rest_route=\/wp\/v2\/types\/post"}],"author":[{"embeddable":true,"href":"https:\/\/revistazetta.com\/index.php?rest_route=\/wp\/v2\/users\/3"}],"replies":[{"embeddable":true,"href":"https:\/\/revistazetta.com\/index.php?rest_route=%2Fwp%2Fv2%2Fcomments&post=23883"}],"version-history":[{"count":0,"href":"https:\/\/revistazetta.com\/index.php?rest_route=\/wp\/v2\/posts\/23883\/revisions"}],"wp:featuredmedia":[{"embeddable":true,"href":"https:\/\/revistazetta.com\/index.php?rest_route=\/wp\/v2\/media\/23884"}],"wp:attachment":[{"href":"https:\/\/revistazetta.com\/index.php?rest_route=%2Fwp%2Fv2%2Fmedia&parent=23883"}],"wp:term":[{"taxonomy":"category","embeddable":true,"href":"https:\/\/revistazetta.com\/index.php?rest_route=%2Fwp%2Fv2%2Fcategories&post=23883"},{"taxonomy":"post_tag","embeddable":true,"href":"https:\/\/revistazetta.com\/index.php?rest_route=%2Fwp%2Fv2%2Ftags&post=23883"}],"curies":[{"name":"wp","href":"https:\/\/api.w.org\/{rel}","templated":true}]}}