{"id":23885,"date":"2018-01-22T23:08:04","date_gmt":"2018-01-23T04:08:04","guid":{"rendered":"http:\/\/www.revistazetta.com\/?p=23885"},"modified":"2018-01-22T23:08:04","modified_gmt":"2018-01-23T04:08:04","slug":"obras-parque-los-almendros-se-inician-la-proxima-semana-edurbe","status":"publish","type":"post","link":"https:\/\/revistazetta.com\/?p=23885","title":{"rendered":"Obras en el parque de Los Almendros se inician la pr\u00f3xima semana: Edurbe"},"content":{"rendered":"<p>El pr\u00f3ximo lunes 29 de enero, la empresa de desarrollo urbano Edurbe comenzar\u00e1 los trabajos de rehabilitaci\u00f3n y mantenimiento del parque central del barrio Los Almendros, cumpliendo as\u00ed los compromisos con los vecinos del sector.<\/p>\n<p>El gerente de Edurbe, Bernardo Pardo, explica que el atraso en el inicio de la obra se debe a que la Alcald\u00eda de la Localidad 1 no ha cumplido con el giro del anticipo del 50% del convenio suscrito para la ejecuci\u00f3n de estas obras de mantenimiento, pero que pese a ello, har\u00e1n la intervenci\u00f3n al parque.<\/p>\n<p>\u201cExiste una desinformaci\u00f3n en la comunidad del barrio de Los Almendros. La situaci\u00f3n es que en el marco de un convenio interadministrativo celebrado entre la Alcald\u00eda Local 1 y Edurbe, para unas obras priorizadas est\u00e1 el parque central del barrio, cuya intervenci\u00f3n es por $59 millones de pesos. Dentro del contrato interadministrativo qued\u00f3 plasmado una cl\u00e1usula de la forma de pago una vez firmado el mismo, y es que la Alcald\u00eda Local deb\u00eda girar el 50%, por anticipo. Se presentaron inconvenientes administrativos, y a la fecha la Alcald\u00eda Local no nos ha transferido recursos\u201d, explica el gerente de Edurbe.<\/p>\n<p>Para superar los mal entendidos sobre el tema, un equipo de t\u00e9cnicos y profesionales de la empresa de Desarrollo Urbano se reunir\u00e1 con miembros de la junta de acci\u00f3n comunal del barrio, este martes 23 de enero.<\/p>\n<p>Se explicar\u00e1 que Edurbe no ha recibido recursos por el contrato referenciado, se mostrar\u00e1n los soportes financieros donde esta entidad no ha recibido los dineros, aunque si est\u00e1n garantizados para terminar varias obras, incluyendo el parque de Los Almendros.<\/p>\n<p>Comunicado 40<\/p>\n","protected":false},"excerpt":{"rendered":"<p>El pr\u00f3ximo lunes 29 de enero, la empresa de desarrollo urbano Edurbe comenzar\u00e1 los trabajos de rehabilitaci\u00f3n y mantenimiento del parque central del barrio Los Almendros, cumpliendo as\u00ed los compromisos con los vecinos del sector. El gerente de Edurbe, Bernardo Pardo, explica que el atraso en el inicio de la obra se debe a que la Alcald\u00eda de la Localidad 1 no ha cumplido con el giro del anticipo del 50% del convenio suscrito para la ejecuci\u00f3n de estas obras de mantenimiento, pero que pese a ello, har\u00e1n la intervenci\u00f3n&#8230; <\/p>\n","protected":false},"author":3,"featured_media":23886,"comment_status":"open","ping_status":"closed","sticky":false,"template":"","format":"standard","meta":{"footnotes":"","_links_to":"","_links_to_target":""},"categories":[32,86],"tags":[],"class_list":["post-23885","post","type-post","status-publish","format-standard","has-post-thumbnail","hentry","category-actualidad-distrito","category-comunidad"],"_links":{"self":[{"href":"https:\/\/revistazetta.com\/index.php?rest_route=\/wp\/v2\/posts\/23885","targetHints":{"allow":["GET"]}}],"collection":[{"href":"https:\/\/revistazetta.com\/index.php?rest_route=\/wp\/v2\/posts"}],"about":[{"href":"https:\/\/revistazetta.com\/index.php?rest_route=\/wp\/v2\/types\/post"}],"author":[{"embeddable":true,"href":"https:\/\/revistazetta.com\/index.php?rest_route=\/wp\/v2\/users\/3"}],"replies":[{"embeddable":true,"href":"https:\/\/revistazetta.com\/index.php?rest_route=%2Fwp%2Fv2%2Fcomments&post=23885"}],"version-history":[{"count":0,"href":"https:\/\/revistazetta.com\/index.php?rest_route=\/wp\/v2\/posts\/23885\/revisions"}],"wp:featuredmedia":[{"embeddable":true,"href":"https:\/\/revistazetta.com\/index.php?rest_route=\/wp\/v2\/media\/23886"}],"wp:attachment":[{"href":"https:\/\/revistazetta.com\/index.php?rest_route=%2Fwp%2Fv2%2Fmedia&parent=23885"}],"wp:term":[{"taxonomy":"category","embeddable":true,"href":"https:\/\/revistazetta.com\/index.php?rest_route=%2Fwp%2Fv2%2Fcategories&post=23885"},{"taxonomy":"post_tag","embeddable":true,"href":"https:\/\/revistazetta.com\/index.php?rest_route=%2Fwp%2Fv2%2Ftags&post=23885"}],"curies":[{"name":"wp","href":"https:\/\/api.w.org\/{rel}","templated":true}]}}