{"id":23887,"date":"2018-01-22T23:29:31","date_gmt":"2018-01-23T04:29:31","guid":{"rendered":"http:\/\/www.revistazetta.com\/?p=23887"},"modified":"2018-01-22T23:29:31","modified_gmt":"2018-01-23T04:29:31","slug":"alud-dudas-informe-edificios-alcalde-cita-rector-udc","status":"publish","type":"post","link":"https:\/\/revistazetta.com\/?p=23887","title":{"rendered":"Por alud de dudas en informe sobre edificios, Alcalde cita a Rector de UdC"},"content":{"rendered":"<p>Ante las dudas y cuestionamientos sobre la idoneidad de los estudios realizados por la Universidad e Cartagena para determinar el estado de 16 edificios en la ciudad, el alcalde (e ) Sergio Londo\u00f1o cit\u00f3 para este martes al rector de la Universidad de Cartagena, Edgar Parra y a los expertos que participaron en los estudios, para que despejen las inquietudes sobre los resultados de los mismos y aclare al gobierno y a la ciudad todo lo que haya que aclara al respecto.<\/p>\n<p>Por esta raz\u00f3n, a primeras horas de la ma\u00f1ana en el despacho del Alcalde se realizar\u00e1 esta reuni\u00f3n para que quienes tuvieron a cargo los estudios expliquen ante medios de comunicaci\u00f3n sus argumentos t\u00e9cnicos que lo sustentan.<\/p>\n<p>De manera contundente el mandatario asegur\u00f3, \u201cQueremos que se despejen las dudas y ofrezcan la claridad necesarias sobre este estudio\u201d.<\/p>\n<p>Tambi\u00e9n, este martes, una delegaci\u00f3n del Gobierno Nacional y miembros de organismos de control se reunir\u00e1n con el alcalde Londo\u00f1o, a las 2:00 p.m.. Esta comisi\u00f3n est\u00e1 integrada por el superintendente Financiero, Jorge Casta\u00f1o; el director de la Unidad de Gesti\u00f3n de Riesgo, Carlos Iv\u00e1n M\u00e1rquez; a la Procuradora Delegada para la Movilidad Ciudadana, Olga Alfonso; y el Procurador Provincial, Guido Fl\u00f3rez; y un delegado del Superintendente de Notariado y Registro, Carlos Mar\u00edn, y un delegado del Fiscal General, y el delegado del Superintendente de Industria y Comercio, Pablo Robledo.<\/p>\n<p>\u201cDe esta forma se completa un espectro completo de acompa\u00f1amiento nacional frente a la declaratoria de calamidad y se dan luces sobre el proceso que sigue\u201d, puntualiz\u00f3 el mandatario.<\/p>\n<p>El alcalde (E) recibir\u00e1 este viernes al ministro de Vivienda, Carlos S\u00e1nchez, quien estar\u00e1 el viernes en la ciudad, para dar a conocer importantes acciones y decisiones del gobierno nacional en materia de control urbano y edificaciones ilegales en la ciudad.<\/p>\n","protected":false},"excerpt":{"rendered":"<p>Ante las dudas y cuestionamientos sobre la idoneidad de los estudios realizados por la Universidad e Cartagena para determinar el estado de 16 edificios en la ciudad, el alcalde (e ) Sergio Londo\u00f1o cit\u00f3 para este martes al rector de la Universidad de Cartagena, Edgar Parra y a los expertos que participaron en los estudios, para que despejen las inquietudes sobre los resultados de los mismos y aclare al gobierno y a la ciudad todo lo que haya que aclara al respecto. Por esta raz\u00f3n, a primeras horas de la&#8230; <\/p>\n","protected":false},"author":3,"featured_media":23888,"comment_status":"open","ping_status":"closed","sticky":false,"template":"","format":"standard","meta":{"footnotes":"","_links_to":"","_links_to_target":""},"categories":[2,75],"tags":[],"class_list":["post-23887","post","type-post","status-publish","format-standard","has-post-thumbnail","hentry","category-actualidad","category-destacada"],"_links":{"self":[{"href":"https:\/\/revistazetta.com\/index.php?rest_route=\/wp\/v2\/posts\/23887","targetHints":{"allow":["GET"]}}],"collection":[{"href":"https:\/\/revistazetta.com\/index.php?rest_route=\/wp\/v2\/posts"}],"about":[{"href":"https:\/\/revistazetta.com\/index.php?rest_route=\/wp\/v2\/types\/post"}],"author":[{"embeddable":true,"href":"https:\/\/revistazetta.com\/index.php?rest_route=\/wp\/v2\/users\/3"}],"replies":[{"embeddable":true,"href":"https:\/\/revistazetta.com\/index.php?rest_route=%2Fwp%2Fv2%2Fcomments&post=23887"}],"version-history":[{"count":0,"href":"https:\/\/revistazetta.com\/index.php?rest_route=\/wp\/v2\/posts\/23887\/revisions"}],"wp:featuredmedia":[{"embeddable":true,"href":"https:\/\/revistazetta.com\/index.php?rest_route=\/wp\/v2\/media\/23888"}],"wp:attachment":[{"href":"https:\/\/revistazetta.com\/index.php?rest_route=%2Fwp%2Fv2%2Fmedia&parent=23887"}],"wp:term":[{"taxonomy":"category","embeddable":true,"href":"https:\/\/revistazetta.com\/index.php?rest_route=%2Fwp%2Fv2%2Fcategories&post=23887"},{"taxonomy":"post_tag","embeddable":true,"href":"https:\/\/revistazetta.com\/index.php?rest_route=%2Fwp%2Fv2%2Ftags&post=23887"}],"curies":[{"name":"wp","href":"https:\/\/api.w.org\/{rel}","templated":true}]}}