{"id":23905,"date":"2018-01-23T23:02:37","date_gmt":"2018-01-24T04:02:37","guid":{"rendered":"http:\/\/www.revistazetta.com\/?p=23905"},"modified":"2018-01-23T23:41:04","modified_gmt":"2018-01-24T04:41:04","slug":"bolivar-avanza-ficci-llevan-cine-crispetas-ninos-departamento","status":"publish","type":"post","link":"https:\/\/revistazetta.com\/?p=23905","title":{"rendered":"Bol\u00edvar S\u00ed Avanza y Ficci llevan cine y crispetas a ni\u00f1os de todo el Departamento"},"content":{"rendered":"<blockquote><p><strong><em>La Gobernaci\u00f3n de Bol\u00edvar y el Festival Internacional de Cine de Cartagena de Indias (FICCI) suscribieron un nuevo convenio para seguir llevando la pantalla grande a todos los ni\u00f1os de los municipios, corregimientos y veredas del departamento.<\/em><\/strong><\/p><\/blockquote>\n<p>El gobierno de Bol\u00edvar S\u00ed Avanza empieza el a\u00f1o 2018 con lo que ha sido una de las banderas m\u00e1s exitosa de la gesti\u00f3n departamental: llevar el s\u00e9ptimo arte a todos los ni\u00f1os que habitan en los diferentes rincones del territorio bolivarense. Como\u00a0 muestra de ello, hoy se suscribi\u00f3 nuevamente un convenio entre la Gobernaci\u00f3n de Bol\u00edvar y el Ficci por un monto de mil millones, y en junio del presente a\u00f1o la suma ascender\u00e1 a los dos mil millones, para llevar m\u00e1s de 113 proyecciones gratuitas a los 45 municipios del departamento. El acto tuvo lugar en la Casa de la Moneda, sede de gobierno del Bol\u00edvar S\u00ed Avanza y estuvo presidido por el gobernador de Bol\u00edvar Dumek Turbay, la directora del Ficci Lina Rodr\u00edguez y la directora de Icultur Lucy Espinosa.<\/p>\n<p>\u201cLo bueno siempre se repite en nuestro gobierno, durante el a\u00f1o 2017 hicimos presencia en todo el departamento, llevando el cine a todos los ni\u00f1os del departamento. En todos los municipios, corregimientos y veredas en donde este proyecto pudo realizarse, hoy nos piden familias enteras que llevemos nuevamente el cine hasta sus territorios y por eso les vamos a cumplir\u201d, expres\u00f3 Dumek Turbay durante la firma del convenio que financiar\u00e1 su gobierno.<\/p>\n<p>Esta es una gran iniciativa que demuestra la gesti\u00f3n cultural que lidera el gobierno departamental, ya que el cine adem\u00e1s de brindar alegr\u00eda y entretenimiento a los ni\u00f1os de Bol\u00edvar, tambi\u00e9n se constituye en una poderosa herramienta pedag\u00f3gica con capacidad de trasformar positivamente los imaginarios colectivos y culturales de toda una comunidad. Lina Rodr\u00edguez, directora del Ficci as\u00ed lo manifest\u00f3:<\/p>\n<p>\u201cEl balance que ha dejado esta experiencia en lo que va del gobierno de Dumek Turbay es sumamente positivo. Hemos logrado generar a trav\u00e9s de esta iniciativa m\u00e1s de 600 empleos indirectos. Este no es un evento menor, porque se trata de llevar toda una producci\u00f3n a lugares de dif\u00edcil acceso. Pero la sonrisa en los rostros de los ni\u00f1os de Bol\u00edvar es nuestra mayor satisfacci\u00f3n. No podemos olvidar el efecto cohesionador que tiene el cine, y sobre todo, su capacidad transformadora: en dos horas podemos dejar un poderoso mensaje de esperanza en el imaginario de los ni\u00f1os. La primera pel\u00edcula siempre ser\u00e1 un recuerdo que nos acompa\u00f1a durante toda la vida\u201d.<\/p>\n<p>El d\u00eda de ma\u00f1ana empieza nuevamente los recorridos de la pantalla itinerante del Ficci M\u00f3vil que se traslada al municipio de San Juan con la pel\u00edcula \u201cLa Bailarina\u201d. Lucy Espinosa, directora de Icultur as\u00ed lo constat\u00f3:<\/p>\n<p>\u201cHasta el momento van m\u00e1s de 58 mil espectadores beneficiados en todo el departamento. Hemos llegado a todos los municipios de Bol\u00edvar, llevando una oferta cultural de calidad con mensajes esperanzadores y llenos de optimismo para todas las familias del departamento\u201d.<\/p>\n<p><strong>El Cine lleg\u00f3 a San Jacinto<\/strong><\/p>\n<p><img loading=\"lazy\" decoding=\"async\" class=\"alignright size-medium wp-image-23913\" src=\"https:\/\/www.revistazetta.com\/wp-content\/uploads\/2018\/01\/2018-01-23-PHOTO-00038254-300x169.jpg\" alt=\"\" width=\"300\" height=\"169\" srcset=\"https:\/\/revistazetta.com\/wp-content\/uploads\/2018\/01\/2018-01-23-PHOTO-00038254-300x169.jpg 300w, https:\/\/revistazetta.com\/wp-content\/uploads\/2018\/01\/2018-01-23-PHOTO-00038254-1024x575.jpg 1024w, https:\/\/revistazetta.com\/wp-content\/uploads\/2018\/01\/2018-01-23-PHOTO-00038254-260x146.jpg 260w, https:\/\/revistazetta.com\/wp-content\/uploads\/2018\/01\/2018-01-23-PHOTO-00038254-50x28.jpg 50w, https:\/\/revistazetta.com\/wp-content\/uploads\/2018\/01\/2018-01-23-PHOTO-00038254-134x75.jpg 134w, https:\/\/revistazetta.com\/wp-content\/uploads\/2018\/01\/2018-01-23-PHOTO-00038254.jpg 1280w\" sizes=\"auto, (max-width: 300px) 100vw, 300px\" \/>El ambiente fue perfecto para que los sanjacinteros disfrutaran de una noche de cine bajo las estrellas. El aroma a crispetas se sent\u00eda desde lejos, todos los que llegaban a la plaza se preguntaban de d\u00f3nde viene ese olor, lo que no sab\u00edan era que se preparaban para sentirse verdaderamente en una sala de cine.<\/p>\n<p>Ni\u00f1os y ni\u00f1as jugando, padres de familia sonriendo, gente del pueblo que llegaban a preguntar que hab\u00eda, el pre\u00e1mbulo era el mejor para la gran proyecci\u00f3n.<\/p>\n<p>Previo a la proyecci\u00f3n, a la cual asistieron m\u00e1s de mil personas, grupos folcl\u00f3ricos amenizaron la jornada.<\/p>\n<p>El momento esperado lleg\u00f3, la pel\u00edcula empez\u00f3 y todos con los ojos puestos en la imponente pantalla. Bailarina, un film animado deleit\u00f3 a grandes y chicos.<\/p>\n<p>\u201cEsto es maravilloso. Ojal\u00e1 se repita cada a\u00f1o. Gracias al gobernador y a Icultur por regalarnos esta alegria\u201d, dijo Ana Maria, una peque\u00f1a de 7 a\u00f1os.<\/p>\n<p>Por su parte, el gobernador Dumek Turbay, se mostr\u00f3 feliz por la posibilidad de llevar el cine a los municipios de Bol\u00edvar.<\/p>\n<p>\u201cSiempre nos preocuparemos por el bienestar de la gente. Este espacio de Ficci M\u00f3vil es para que lo disfruten todos\u201d, dijo el mandatario de los bolivarenses.<\/p>\n<p>La directora de Icultur, Lucy Espinosa, resalt\u00f3 la importancia de lo evento y de llevarlo cada vez a m\u00e1s lugares.<\/p>\n<p>\u201cSan Jacinto se puso la camiseta en el marco de Festi Mar\u00eda. Es bueno ver a todas las generaciones reunidas en esta plaza. Verlos disfrutar es un alegr\u00eda y motivaciones para nosotros\u201d, coment\u00f3 Espinoza.<\/p>\n","protected":false},"excerpt":{"rendered":"<p>La Gobernaci\u00f3n de Bol\u00edvar y el Festival Internacional de Cine de Cartagena de Indias (FICCI) suscribieron un nuevo convenio para seguir llevando la pantalla grande a todos los ni\u00f1os de los municipios, corregimientos y veredas del departamento. El gobierno de Bol\u00edvar S\u00ed Avanza empieza el a\u00f1o 2018 con lo que ha sido una de las banderas m\u00e1s exitosa de la gesti\u00f3n departamental: llevar el s\u00e9ptimo arte a todos los ni\u00f1os que habitan en los diferentes rincones del territorio bolivarense. Como\u00a0 muestra de ello, hoy se suscribi\u00f3 nuevamente un convenio entre&#8230; <\/p>\n","protected":false},"author":3,"featured_media":23906,"comment_status":"open","ping_status":"closed","sticky":false,"template":"","format":"standard","meta":{"footnotes":"","_links_to":"","_links_to_target":""},"categories":[41,60,75],"tags":[],"class_list":["post-23905","post","type-post","status-publish","format-standard","has-post-thumbnail","hentry","category-cultura","category-cine","category-destacada"],"_links":{"self":[{"href":"https:\/\/revistazetta.com\/index.php?rest_route=\/wp\/v2\/posts\/23905","targetHints":{"allow":["GET"]}}],"collection":[{"href":"https:\/\/revistazetta.com\/index.php?rest_route=\/wp\/v2\/posts"}],"about":[{"href":"https:\/\/revistazetta.com\/index.php?rest_route=\/wp\/v2\/types\/post"}],"author":[{"embeddable":true,"href":"https:\/\/revistazetta.com\/index.php?rest_route=\/wp\/v2\/users\/3"}],"replies":[{"embeddable":true,"href":"https:\/\/revistazetta.com\/index.php?rest_route=%2Fwp%2Fv2%2Fcomments&post=23905"}],"version-history":[{"count":0,"href":"https:\/\/revistazetta.com\/index.php?rest_route=\/wp\/v2\/posts\/23905\/revisions"}],"wp:featuredmedia":[{"embeddable":true,"href":"https:\/\/revistazetta.com\/index.php?rest_route=\/wp\/v2\/media\/23906"}],"wp:attachment":[{"href":"https:\/\/revistazetta.com\/index.php?rest_route=%2Fwp%2Fv2%2Fmedia&parent=23905"}],"wp:term":[{"taxonomy":"category","embeddable":true,"href":"https:\/\/revistazetta.com\/index.php?rest_route=%2Fwp%2Fv2%2Fcategories&post=23905"},{"taxonomy":"post_tag","embeddable":true,"href":"https:\/\/revistazetta.com\/index.php?rest_route=%2Fwp%2Fv2%2Ftags&post=23905"}],"curies":[{"name":"wp","href":"https:\/\/api.w.org\/{rel}","templated":true}]}}