{"id":23907,"date":"2018-01-23T23:07:11","date_gmt":"2018-01-24T04:07:11","guid":{"rendered":"http:\/\/www.revistazetta.com\/?p=23907"},"modified":"2018-01-23T23:07:11","modified_gmt":"2018-01-24T04:07:11","slug":"reabren-paso-peaje-la-heroica","status":"publish","type":"post","link":"https:\/\/revistazetta.com\/?p=23907","title":{"rendered":"Reabren paso por el peaje La Heroica"},"content":{"rendered":"<p>A las 9 y 30 de la ma\u00f1ana de hoy se logr\u00f3 aperturar el acceso a Cartagena por el peaje del Fondo Rotatorio, cerrado desde el pasado viernes por el da\u00f1o que afect\u00f3 a 1,3 kil\u00f3metros de v\u00eda del Corredor por los trabajos que adelanta la Empresa Energ\u00eda de Bogot\u00e1 en la zona.<\/p>\n<p>El presidente de la Concesi\u00f3n Vial, Ren\u00e9 Osorio Cruz, indic\u00f3 que la apertura se hizo en el sentido hacia Cartagena, despu\u00e9s de recuperar parcialmente la v\u00eda. \u201cSe reconstruy\u00f3 la base granular y se le aplic\u00f3 mezcla asf\u00e1ltica, lo que permiti\u00f3 \u00a0recuperar la transitablidad\u201d, dijo.<\/p>\n<p>Agreg\u00f3 que por los trabajos que realiza la EEB de instalaci\u00f3n de una tuber\u00eda subterr\u00e1nea la zona aleda\u00f1a al peaje La Heroica ha brotado del subsuelo un lodo (bentonita) que termin\u00f3, despu\u00e9s de varios d\u00edas, fracturando m\u00e1s de 1,3 kil\u00f3metros de la v\u00eda del Corredor de Carga. \u201cFuncionarios de la Concesi\u00f3n han trabajado desde el viernes por recuperar el tramo de v\u00eda, pero la humedad del suelo demor\u00f3 los trabajos de adecuaci\u00f3n. Continuamos en las labores para recuperar la calzada de salida a Cartagena lo m\u00e1s pronto posible\u201d, dijo.<\/p>\n<p>A\u00f1adi\u00f3 que se han presentado complicaciones vehiculares en el peaje Corralito, localizado en cercan\u00edas de la empresa Abocol, por lo que con la apertura del peaje del Fondo Rotatorio se espera se amainen los trancones. Agreg\u00f3 tambi\u00e9n que desde el pasado viernes se han levantado las talanqueras del peaje Corralito dejando pasar hasta ayer 5.062 veh\u00edculos sin pagar.<\/p>\n<p>\u201cSolicitamos entendimiento y paciencia por parte de la ciudadan\u00eda y los usuarios del Corredor, pues debemos esperar a que se terminen las obras por parte del Grupo de Energ\u00eda de Bogot\u00e1 (GEB) para poder arreglar definitivamente la v\u00eda\u201d, dijo.<\/p>\n","protected":false},"excerpt":{"rendered":"<p>A las 9 y 30 de la ma\u00f1ana de hoy se logr\u00f3 aperturar el acceso a Cartagena por el peaje del Fondo Rotatorio, cerrado desde el pasado viernes por el da\u00f1o que afect\u00f3 a 1,3 kil\u00f3metros de v\u00eda del Corredor por los trabajos que adelanta la Empresa Energ\u00eda de Bogot\u00e1 en la zona. El presidente de la Concesi\u00f3n Vial, Ren\u00e9 Osorio Cruz, indic\u00f3 que la apertura se hizo en el sentido hacia Cartagena, despu\u00e9s de recuperar parcialmente la v\u00eda. \u201cSe reconstruy\u00f3 la base granular y se le aplic\u00f3 mezcla asf\u00e1ltica,&#8230; <\/p>\n","protected":false},"author":3,"featured_media":23908,"comment_status":"open","ping_status":"closed","sticky":false,"template":"","format":"standard","meta":{"footnotes":"","_links_to":"","_links_to_target":""},"categories":[32,87],"tags":[],"class_list":["post-23907","post","type-post","status-publish","format-standard","has-post-thumbnail","hentry","category-actualidad-distrito","category-movilidad"],"_links":{"self":[{"href":"https:\/\/revistazetta.com\/index.php?rest_route=\/wp\/v2\/posts\/23907","targetHints":{"allow":["GET"]}}],"collection":[{"href":"https:\/\/revistazetta.com\/index.php?rest_route=\/wp\/v2\/posts"}],"about":[{"href":"https:\/\/revistazetta.com\/index.php?rest_route=\/wp\/v2\/types\/post"}],"author":[{"embeddable":true,"href":"https:\/\/revistazetta.com\/index.php?rest_route=\/wp\/v2\/users\/3"}],"replies":[{"embeddable":true,"href":"https:\/\/revistazetta.com\/index.php?rest_route=%2Fwp%2Fv2%2Fcomments&post=23907"}],"version-history":[{"count":0,"href":"https:\/\/revistazetta.com\/index.php?rest_route=\/wp\/v2\/posts\/23907\/revisions"}],"wp:featuredmedia":[{"embeddable":true,"href":"https:\/\/revistazetta.com\/index.php?rest_route=\/wp\/v2\/media\/23908"}],"wp:attachment":[{"href":"https:\/\/revistazetta.com\/index.php?rest_route=%2Fwp%2Fv2%2Fmedia&parent=23907"}],"wp:term":[{"taxonomy":"category","embeddable":true,"href":"https:\/\/revistazetta.com\/index.php?rest_route=%2Fwp%2Fv2%2Fcategories&post=23907"},{"taxonomy":"post_tag","embeddable":true,"href":"https:\/\/revistazetta.com\/index.php?rest_route=%2Fwp%2Fv2%2Ftags&post=23907"}],"curies":[{"name":"wp","href":"https:\/\/api.w.org\/{rel}","templated":true}]}}