{"id":23911,"date":"2018-01-23T23:36:51","date_gmt":"2018-01-24T04:36:51","guid":{"rendered":"http:\/\/www.revistazetta.com\/?p=23911"},"modified":"2018-01-23T23:36:51","modified_gmt":"2018-01-24T04:36:51","slug":"gobernacion-lista-magangue-moderna-sede-sur-bolivar","status":"publish","type":"post","link":"https:\/\/revistazetta.com\/?p=23911","title":{"rendered":"Gobernaci\u00f3n tiene lista en Magangu\u00e9 moderna sede para el sur de Bol\u00edvar"},"content":{"rendered":"<p>El gobernador de Bol\u00edvar, Dumek Turbay, se\u00f1al\u00f3 la fecha del 9 de febrero para la apertura de la nueva subsede de la Gobernaci\u00f3n de Bol\u00edvar en Magangu\u00e9, con el que se atender\u00e1 administrativamente al centro y sur de Bol\u00edvar.<\/p>\n<p>\u00abEsto es hist\u00f3rico, es una sede de la Gobernaci\u00f3n para el sur de Bol\u00edvar con todos los servicios\u00bb, dijo el gobernador Dumek Turbay, quien visti\u00f3 este martes el lugar.<\/p>\n<p>La sede permitir\u00e1 atender a m\u00e1s de 20 municipios y 300 mil personas de toda la regi\u00f3n, con la virtud de acercar los servicios gubernativos: tr\u00e1mites ordinarios, pago de impuestos, pasaportes, entre otros.<\/p>\n<p>Adem\u00e1s, servir\u00e1 de Despacho del Gobernador y propiciar\u00e1 reuniones de todo nivel para elevar la capacidad institucional de Magangu\u00e9 como puerta de toda esta f\u00e9rtil regi\u00f3n.<\/p>\n<p>Turbay Paz visit\u00f3 la sede acompa\u00f1ado del alcalde de Magangu\u00e9, Pedro Al\u00ed, y de la gerente regional Lilibeth Aguilera P\u00faa.<\/p>\n<p>&nbsp;<\/p>\n","protected":false},"excerpt":{"rendered":"<p>El gobernador de Bol\u00edvar, Dumek Turbay, se\u00f1al\u00f3 la fecha del 9 de febrero para la apertura de la nueva subsede de la Gobernaci\u00f3n de Bol\u00edvar en Magangu\u00e9, con el que se atender\u00e1 administrativamente al centro y sur de Bol\u00edvar. \u00abEsto es hist\u00f3rico, es una sede de la Gobernaci\u00f3n para el sur de Bol\u00edvar con todos los servicios\u00bb, dijo el gobernador Dumek Turbay, quien visti\u00f3 este martes el lugar. La sede permitir\u00e1 atender a m\u00e1s de 20 municipios y 300 mil personas de toda la regi\u00f3n, con la virtud de acercar&#8230; <\/p>\n","protected":false},"author":3,"featured_media":23912,"comment_status":"open","ping_status":"closed","sticky":false,"template":"","format":"standard","meta":{"footnotes":"","_links_to":"","_links_to_target":""},"categories":[75,33,80],"tags":[],"class_list":["post-23911","post","type-post","status-publish","format-standard","has-post-thumbnail","hentry","category-destacada","category-actualidad-bolivar","category-region"],"_links":{"self":[{"href":"https:\/\/revistazetta.com\/index.php?rest_route=\/wp\/v2\/posts\/23911","targetHints":{"allow":["GET"]}}],"collection":[{"href":"https:\/\/revistazetta.com\/index.php?rest_route=\/wp\/v2\/posts"}],"about":[{"href":"https:\/\/revistazetta.com\/index.php?rest_route=\/wp\/v2\/types\/post"}],"author":[{"embeddable":true,"href":"https:\/\/revistazetta.com\/index.php?rest_route=\/wp\/v2\/users\/3"}],"replies":[{"embeddable":true,"href":"https:\/\/revistazetta.com\/index.php?rest_route=%2Fwp%2Fv2%2Fcomments&post=23911"}],"version-history":[{"count":0,"href":"https:\/\/revistazetta.com\/index.php?rest_route=\/wp\/v2\/posts\/23911\/revisions"}],"wp:featuredmedia":[{"embeddable":true,"href":"https:\/\/revistazetta.com\/index.php?rest_route=\/wp\/v2\/media\/23912"}],"wp:attachment":[{"href":"https:\/\/revistazetta.com\/index.php?rest_route=%2Fwp%2Fv2%2Fmedia&parent=23911"}],"wp:term":[{"taxonomy":"category","embeddable":true,"href":"https:\/\/revistazetta.com\/index.php?rest_route=%2Fwp%2Fv2%2Fcategories&post=23911"},{"taxonomy":"post_tag","embeddable":true,"href":"https:\/\/revistazetta.com\/index.php?rest_route=%2Fwp%2Fv2%2Ftags&post=23911"}],"curies":[{"name":"wp","href":"https:\/\/api.w.org\/{rel}","templated":true}]}}