{"id":23914,"date":"2018-01-24T07:11:56","date_gmt":"2018-01-24T12:11:56","guid":{"rendered":"http:\/\/www.revistazetta.com\/?p=23914"},"modified":"2018-01-24T07:11:56","modified_gmt":"2018-01-24T12:11:56","slug":"orbita-politica-john-zamora-miercoles-24-enero","status":"publish","type":"post","link":"https:\/\/revistazetta.com\/?p=23914","title":{"rendered":"\u00d3rbita Pol\u00edtica de John Zamora \u2013 mi\u00e9rcoles 24 de enero"},"content":{"rendered":"<p><strong>Velocidad de otros tiempos<\/strong><\/p>\n<p>\u201cA la altura de los tiempos\u201d es el lema de la Universidad de Cartagena, muy apropiado para finales del siglo XX, pero que debe actualizarse.<\/p>\n<p>Unicartagena no supo qu\u00e9 hacer ante la avalancha informativa que despedaz\u00f3 el informe t\u00e9cnico sobre los 16 edificios, y que en pocas horas lo redujo a plagio mexicano.<\/p>\n<p>Solo un d\u00eda despu\u00e9s, y luego de esquivar torpemente a la prensa en la Alcald\u00eda, la Universidad vino a expedir un comunicado, pero ya era tarde.<\/p>\n<p>El rector y su equipo de comunicaciones llegaron atrasados a la fiesta de la tecnolog\u00eda, y las redes sociales les ganaron la partida. El resultado es que, a pesar del tard\u00edo comunicado, la imagen del Alma M\u00e1ter ha quedado por el piso.<\/p>\n<p>Adem\u00e1s, el rector se mostr\u00f3 huidizo ante las c\u00e1maras y parece que no tuviera qui\u00e9n lo asesorara en materia de atenci\u00f3n a los medios\u2026 y eso que tiene todo un calificado grupo de profesores en la facultad de Comunicaci\u00f3n Social\u2026<\/p>\n<p>Es deseable que sus estudiantes no hagan pr\u00e1cticas period\u00edsticas en la misma Universidad, porque se contagiar\u00edan de las tres velocidades de su \u00e1rea de comunicaciones: lenta, atrasada y parada.<\/p>\n<p>En otras palabras: puede que los sesudos ingenieros de la Universidad siempre hayan tenido la raz\u00f3n, pero sus comunicaciones nunca aparecieron para confirmar sus argumentos.<\/p>\n<p>&nbsp;<\/p>\n<p><strong>David, a la cabeza<\/strong><\/p>\n<p>A prop\u00f3sito del proceso que adelanta la Fiscal\u00eda contra concejales de Cartagena y exfuncionarios por la an\u00f3mala elecci\u00f3n de la contralora Nubia Fontalvo, el canal Cartagena present\u00f3 un informe donde expresa que los concejales suman 80 procesos en la Fiscal\u00eda, la mayor\u00eda por prevaricato y fraude procesal.<\/p>\n<p>Seg\u00fan el informativo televisivo, los concejales del partido Conservador afrontan 22 procesos; Liberal 20, y De la U 18.<\/p>\n<p>El concejal que m\u00e1s procesos encara es David D\u00e1ger con 14, seguido de C\u00e9sar Pi\u00f3n con 11 y Lewis Montero con 10.<\/p>\n<p>&nbsp;<\/p>\n<p><strong>El gallo del almirante<\/strong><\/p>\n<p>A medida que la campa\u00f1a al Congreso entra en su recta final, se conocen significativos respaldos, como el que brind\u00f3 el almirante Gabriel Arango Bacci al candidato a la C\u00e1mara por el partido Centro Democr\u00e1tico, Javier Otero. Ese apoyo le traslada muchas simpat\u00edas, pero \u00bftambi\u00e9n traer\u00e1 votos?<\/p>\n<p>&nbsp;<\/p>\n<p>&nbsp;<\/p>\n<p>&nbsp;<\/p>\n<p>&nbsp;<\/p>\n<p>&nbsp;<\/p>\n","protected":false},"excerpt":{"rendered":"<p>Velocidad de otros tiempos \u201cA la altura de los tiempos\u201d es el lema de la Universidad de Cartagena, muy apropiado para finales del siglo XX, pero que debe actualizarse. Unicartagena no supo qu\u00e9 hacer ante la avalancha informativa que despedaz\u00f3 el informe t\u00e9cnico sobre los 16 edificios, y que en pocas horas lo redujo a plagio mexicano. Solo un d\u00eda despu\u00e9s, y luego de esquivar torpemente a la prensa en la Alcald\u00eda, la Universidad vino a expedir un comunicado, pero ya era tarde. El rector y su equipo de comunicaciones&#8230; <\/p>\n","protected":false},"author":3,"featured_media":23915,"comment_status":"open","ping_status":"closed","sticky":false,"template":"","format":"standard","meta":{"footnotes":"","_links_to":"","_links_to_target":""},"categories":[44,75,47,45],"tags":[],"class_list":["post-23914","post","type-post","status-publish","format-standard","has-post-thumbnail","hentry","category-materiagris","category-destacada","category-john-zamora","category-orbita"],"_links":{"self":[{"href":"https:\/\/revistazetta.com\/index.php?rest_route=\/wp\/v2\/posts\/23914","targetHints":{"allow":["GET"]}}],"collection":[{"href":"https:\/\/revistazetta.com\/index.php?rest_route=\/wp\/v2\/posts"}],"about":[{"href":"https:\/\/revistazetta.com\/index.php?rest_route=\/wp\/v2\/types\/post"}],"author":[{"embeddable":true,"href":"https:\/\/revistazetta.com\/index.php?rest_route=\/wp\/v2\/users\/3"}],"replies":[{"embeddable":true,"href":"https:\/\/revistazetta.com\/index.php?rest_route=%2Fwp%2Fv2%2Fcomments&post=23914"}],"version-history":[{"count":0,"href":"https:\/\/revistazetta.com\/index.php?rest_route=\/wp\/v2\/posts\/23914\/revisions"}],"wp:featuredmedia":[{"embeddable":true,"href":"https:\/\/revistazetta.com\/index.php?rest_route=\/wp\/v2\/media\/23915"}],"wp:attachment":[{"href":"https:\/\/revistazetta.com\/index.php?rest_route=%2Fwp%2Fv2%2Fmedia&parent=23914"}],"wp:term":[{"taxonomy":"category","embeddable":true,"href":"https:\/\/revistazetta.com\/index.php?rest_route=%2Fwp%2Fv2%2Fcategories&post=23914"},{"taxonomy":"post_tag","embeddable":true,"href":"https:\/\/revistazetta.com\/index.php?rest_route=%2Fwp%2Fv2%2Ftags&post=23914"}],"curies":[{"name":"wp","href":"https:\/\/api.w.org\/{rel}","templated":true}]}}