{"id":23916,"date":"2018-01-25T07:35:36","date_gmt":"2018-01-25T12:35:36","guid":{"rendered":"http:\/\/www.revistazetta.com\/?p=23916"},"modified":"2018-01-25T07:52:02","modified_gmt":"2018-01-25T12:52:02","slug":"amamantar-amar-campana-promover-lactancia-materna-bolivar","status":"publish","type":"post","link":"https:\/\/revistazetta.com\/?p=23916","title":{"rendered":"Amamantar es amar: campa\u00f1a para promover lactancia materna en Bol\u00edvar"},"content":{"rendered":"<p>Este mi\u00e9rcoles 24 de enero en el Centro de Desarrollo Infantil-CDI Mateo G\u00f3mez de El Carmen de Bol\u00edvar, la Gobernaci\u00f3n de Bol\u00edvar a trav\u00e9s de la Oficina de Gesti\u00f3n Social con apoyo de la Secretar\u00eda de salud realiz\u00f3 el lanzamiento de <em>\u201cAmamantar es amar\u201d, <\/em>un proyecto que busca el desarrollo integral de la Primera Infancia a trav\u00e9s del fomento de la lactancia materna y el fortalecimiento de las capacidades de los padres y familias para el cuidado, la atenci\u00f3n y la crianza de los ni\u00f1os y ni\u00f1as en el Departamento.<\/p>\n<p>En el evento participaron 50 mujeres gestantes y lactantes del municipio, quienes recibieron una capacitaci\u00f3n por parte de profesionales especialistas en educaci\u00f3n inicial sobre lactancia materna exclusiva durante los primeros 6 meses de vida, h\u00e1bitos de vida saludable, diferentes alternativas de cuidados, v\u00ednculos afectivos, salud sexual y reproductiva, estilo de crianza y garant\u00eda de derechos.<\/p>\n<p>A su vez, recibieron entrenamiento te\u00f3rico \u2013 pr\u00e1ctico para el cuidado de los ni\u00f1os y ni\u00f1as en los primeros meses de vida; para dicho entrenamiento, fueron entregados kits de bienvenida a cada madre para explicar -de manera did\u00e1ctica- los diferentes momentos del reci\u00e9n nacido y fortalecer los v\u00ednculos afectivos, garantizando un crecimiento saludable. El kit contiene: corral, pa\u00f1ales desechables, ba\u00f1era, set de aseo para el beb\u00e9, caja pl\u00e1stica organizadora, entre otros.<\/p>\n<p>\u201cLa meta es capacitar a m\u00e1s de 500 madres gestantes y lactantes en diferentes municipios del departamento con altos niveles de desnutrici\u00f3n. La leche materna es el mejor alimento para que nuestros hijos crezcan sanos. Es un vinculo especial que se crea madre-hijo, brindando muchos beneficios para ambos. Por eso, trabajamos en el \u2018Bol\u00edvar S\u00ed Avanza\u2019 para aumentar los niveles de lactancia materna en el departamento\u201d, manifest\u00f3 Liliana Majana, gestora social de Bol\u00edvar.<\/p>\n<p><strong>\u00a0<\/strong><\/p>\n<p><strong>Impacto esperado <\/strong><\/p>\n<p>Este proyecto se realiza teniendo como base la estrategia de <em>Cero A Siempre<\/em>, la cual ha identificado que si durante los primeros d\u00edas de vida de un ni\u00f1o o una ni\u00f1a se les brinda ambientes seguros, bienestar f\u00edsico y emocional, adecuadas pautas de crianza, y la posibilidad de nacer y crecer en condiciones de equidad, respeto y dignidad, esto generar\u00e1 un avance significativo en la sociedad, pues se espera que en estas familias y en los ni\u00f1os y ni\u00f1as beneficiados, se fortalezcan valores y principios que los hagan m\u00e1s tolerantes, responsables y con un amplio sentido de pertenencia.<\/p>\n<p><strong>\u00a0<\/strong><\/p>\n<p><strong>Cifras <\/strong><\/p>\n<p>De acuerdo con cifras proporcionadas, por UNICEF y la Organizaci\u00f3n Mundial de la Salud (OMS) en un informe sobre las pr\u00e1cticas de lactancia materna en diferentes pa\u00edses, en Colombia el 57% de los beb\u00e9s recibi\u00f3 leche materna en su primera hora de vida, mientras que, el 43% de los ni\u00f1os entre 0 y 6 meses recibe lactancia materna exclusiva. Estas organizaciones tambi\u00e9n han informado acerca de la importancia que tiene la lactancia materna para alcanzar los Objetivos de Desarrollo Sostenible al mejorar la nutrici\u00f3n, prevenir la mortalidad infantil y contribuir a la reducci\u00f3n de la pobreza.<\/p>\n<p>&nbsp;<\/p>\n<p><strong>Gestora social de Bol\u00edvar entrega unidades productivas<\/strong><\/p>\n<p><strong><em><img loading=\"lazy\" decoding=\"async\" class=\"alignright size-medium wp-image-23922\" src=\"https:\/\/www.revistazetta.com\/wp-content\/uploads\/2018\/01\/IMG-20180124-WA0032-300x200.jpg\" alt=\"\" width=\"300\" height=\"200\" srcset=\"https:\/\/revistazetta.com\/wp-content\/uploads\/2018\/01\/IMG-20180124-WA0032-300x200.jpg 300w, https:\/\/revistazetta.com\/wp-content\/uploads\/2018\/01\/IMG-20180124-WA0032-1024x682.jpg 1024w, https:\/\/revistazetta.com\/wp-content\/uploads\/2018\/01\/IMG-20180124-WA0032-219x146.jpg 219w, https:\/\/revistazetta.com\/wp-content\/uploads\/2018\/01\/IMG-20180124-WA0032-50x33.jpg 50w, https:\/\/revistazetta.com\/wp-content\/uploads\/2018\/01\/IMG-20180124-WA0032-113x75.jpg 113w, https:\/\/revistazetta.com\/wp-content\/uploads\/2018\/01\/IMG-20180124-WA0032.jpg 1280w\" sizes=\"auto, (max-width: 300px) 100vw, 300px\" \/>La gestora social del departamento de Bol\u00edvar Liliana Majana de Turbay, lider\u00f3 este mi\u00e9rcoles una entrega de una unidad productiva porc\u00edcola que beneficiar\u00e1 a 23 mujeres del corregimiento de El Salado. Esta iniciativa busca fortalecer la cr\u00eda y comercializaci\u00f3n formal del cerdo a trav\u00e9s de una red de mujeres con vocaci\u00f3n agr\u00edcola que han sido v\u00edctimas del conflicto armado. En total ser\u00e1n 8 unidades productivas en El Carmen de Bol\u00edvar, Galerazamba, Palenque y Morales. <\/em><\/strong><\/p>\n<p><em>Con el fin de fortalecer el emprendimiento econ\u00f3mico que tanto sirve para apoyar a las mujeres aut\u00f3nomas y emprendedoras del departamento, la Gestora Social de Bol\u00edvar Liliana Majana de Turbay entreg\u00f3 una unidad productiva durante la ma\u00f1ana de hoy en la vereda de Villa Amalia, del corregimiento de El Salado (Carmen de Bol\u00edvar), a la \u201cRed de Mujeres Salaeras Resistentes en el Territorio\u201d, residentes tambi\u00e9n en otras veredas como Santa Clara, El B\u00e1lsamo y Espiritiano. Esta iniciativa se desarrolla bajo el marco del programa \u201cCuentas Conmigo\u201d que brinda un importante apoyo a todas las mujeres l\u00edderes del territorio bolivarense. <\/em><\/p>\n<p><em>\u201cHoy desde el corregimiento de El Salado apoyamos a las mujeres desde sus territorios con esta unidad productiva, por eso estamos presente en sus veredas porque queremos empoderarlas. Estamos convencidas desde el gobierno departamental que cuando respaldamos a una mujer, inmediatamente avanza su n\u00facleo familiar y la sociedad en general\u201d, expres\u00f3 Liliana Majana desde la zona veredal. <\/em><\/p>\n<p><em>La unidad productiva que fue entregada estuvo conformada por 5 cerdos peque\u00f1os, 2 grandes, insumos para su cuidado y alimentaci\u00f3n, uniformes y dotaci\u00f3n para las mujeres, adem\u00e1s de la estructura instalada en el lugar para el desarrollo y producci\u00f3n de la porqueriza. Las mujeres que estar\u00e1n al frente de esta unidad han sido capacitadas previamente por el Sena, y tambi\u00e9n recibieron otros conocimientos en materia contable, de mercadeo y finanzas. <\/em><\/p>\n<p><em>Mar\u00eda Torres representante legal de esta Red de Mujeres Salaeras Resistentes en el Territorio expres\u00f3 \u201cagradecemos al gobierno del Bol\u00edvar S\u00ed Avanza por este importante respaldo, porque esto nos ayuda primero a fortalecernos como mujeres y a ser autosostenibles. Somos un grupo de mujeres que desempe\u00f1amos una vocaci\u00f3n cien por ciento agr\u00edcola y a trav\u00e9s de este impulso podemos sacar adelante nuestros proyectos de vida\u201d, concluy\u00f3 la lideresa. <\/em><\/p>\n<p><em>Esta organizaci\u00f3n o colectivo de mujeres de El Salao, est\u00e1 conformado en total por 65 mujeres de diferentes veredas y como red\u00a0 tienen unas necesidades en com\u00fan, entre ellas: el hecho de ser v\u00edctimas del conflicto o mujeres cabeza de hogar. Hoy la pol\u00edtica p\u00fablica del departamento trabaja para mitigar sus necesidades y respaldar sus tres grandes frentes de trabajo: productividad, autosostenimiento y la econom\u00eda feminista. <\/em><\/p>\n<p><em>\u00a0<\/em><\/p>\n<p>&nbsp;<\/p>\n","protected":false},"excerpt":{"rendered":"<p>Este mi\u00e9rcoles 24 de enero en el Centro de Desarrollo Infantil-CDI Mateo G\u00f3mez de El Carmen de Bol\u00edvar, la Gobernaci\u00f3n de Bol\u00edvar a trav\u00e9s de la Oficina de Gesti\u00f3n Social con apoyo de la Secretar\u00eda de salud realiz\u00f3 el lanzamiento de \u201cAmamantar es amar\u201d, un proyecto que busca el desarrollo integral de la Primera Infancia a trav\u00e9s del fomento de la lactancia materna y el fortalecimiento de las capacidades de los padres y familias para el cuidado, la atenci\u00f3n y la crianza de los ni\u00f1os y ni\u00f1as en el Departamento&#8230;. <\/p>\n","protected":false},"author":3,"featured_media":23917,"comment_status":"open","ping_status":"closed","sticky":false,"template":"","format":"standard","meta":{"footnotes":"","_links_to":"","_links_to_target":""},"categories":[2,75],"tags":[],"class_list":["post-23916","post","type-post","status-publish","format-standard","has-post-thumbnail","hentry","category-actualidad","category-destacada"],"_links":{"self":[{"href":"https:\/\/revistazetta.com\/index.php?rest_route=\/wp\/v2\/posts\/23916","targetHints":{"allow":["GET"]}}],"collection":[{"href":"https:\/\/revistazetta.com\/index.php?rest_route=\/wp\/v2\/posts"}],"about":[{"href":"https:\/\/revistazetta.com\/index.php?rest_route=\/wp\/v2\/types\/post"}],"author":[{"embeddable":true,"href":"https:\/\/revistazetta.com\/index.php?rest_route=\/wp\/v2\/users\/3"}],"replies":[{"embeddable":true,"href":"https:\/\/revistazetta.com\/index.php?rest_route=%2Fwp%2Fv2%2Fcomments&post=23916"}],"version-history":[{"count":0,"href":"https:\/\/revistazetta.com\/index.php?rest_route=\/wp\/v2\/posts\/23916\/revisions"}],"wp:featuredmedia":[{"embeddable":true,"href":"https:\/\/revistazetta.com\/index.php?rest_route=\/wp\/v2\/media\/23917"}],"wp:attachment":[{"href":"https:\/\/revistazetta.com\/index.php?rest_route=%2Fwp%2Fv2%2Fmedia&parent=23916"}],"wp:term":[{"taxonomy":"category","embeddable":true,"href":"https:\/\/revistazetta.com\/index.php?rest_route=%2Fwp%2Fv2%2Fcategories&post=23916"},{"taxonomy":"post_tag","embeddable":true,"href":"https:\/\/revistazetta.com\/index.php?rest_route=%2Fwp%2Fv2%2Ftags&post=23916"}],"curies":[{"name":"wp","href":"https:\/\/api.w.org\/{rel}","templated":true}]}}