{"id":23919,"date":"2018-01-25T07:40:59","date_gmt":"2018-01-25T12:40:59","guid":{"rendered":"http:\/\/www.revistazetta.com\/?p=23919"},"modified":"2018-01-25T07:40:59","modified_gmt":"2018-01-25T12:40:59","slug":"la-feria-escenario-paz-opinion-danilo-contreras","status":"publish","type":"post","link":"https:\/\/revistazetta.com\/?p=23919","title":{"rendered":"La Feria como escenario de paz &#8211; Opini\u00f3n de Danilo Contreras"},"content":{"rendered":"<p><strong>Por Danilo Contreras (Especial para Revista Zetta).-<\/strong> Desde los albores del actual gobierno departamental, el gobernador Turbay y su equipo de trabajo ten\u00edan claro que la apuesta de la administraci\u00f3n era por la paz y la consolidaci\u00f3n del posconflicto. Por tal raz\u00f3n esos prop\u00f3sitos quedaron consignados como ejes transversales que irrigan todos los programas y proyectos del plan de desarrollo 2016 \u2013 2019.<\/p>\n<p>&nbsp;<\/p>\n<p>No era, ni lo es ahora, una tarea f\u00e1cil. La finalizaci\u00f3n del conflicto armado es un hecho nuevo para las generaciones que habitan el territorio. Todos los males de la guerra se adentraron muy hondo en el alma y la idiosincrasia de los ciudadanos del campo y las ciudades. Infortunadamente persisten rezagos del odio y el miedo que los cafres de la guerra sembraron en los corazones. Sin embargo el gobierno hizo profesi\u00f3n de la valent\u00eda y el liderazgo para afrontar y superar los obst\u00e1culos, pues se ha entendido que la paz y la reconciliaci\u00f3n es el camino que debemos recorrer.<\/p>\n<p>Dos a\u00f1os de gobierno despu\u00e9s, el gobierno departamental trabaja como el primer d\u00eda con la convicci\u00f3n de que la visi\u00f3n consignada en el Plan de desarrollo en favor de la paz es la adecuada. No se equivoc\u00f3 el gobernador Turbay al mostrar el camino a la comunidad bolivarense. Los productores del campo regresan a sus tierras a sembrar y a construir riqueza a partir de la actividad agropecuaria. Las cifras lo demuestran.<\/p>\n<p>Seg\u00fan datos del DANE durante el \u00faltimo tramo de 2017, el crecimiento del sector agropecuario alcanzo el 7,1%, muy por encima del fatigado 2% de crecimiento que mostr\u00f3 la econom\u00eda nacional en general.<\/p>\n<p>El gobierno departamental bajo el lema de Gobierno de Resultados lo ha entendido y por tal raz\u00f3n ha puesto en pr\u00e1ctica novedosas estrategias para lograr que el impulso que demuestra el campo se traduzca en comercializaci\u00f3n efectiva de la producci\u00f3n. El \u201c\u00d1amet\u00f3n\u201d fue un ejemplo exitoso de lo anterior en 2017.<\/p>\n<p>De la misma manera desde 2016, el gobierno departamental ha institucionalizado la Feria Agroindustrial y ganadera como un escenario propicio para el encuentro de productores y comercializadores que hacen mover el cl\u00faster agropecuario.<\/p>\n<p>Es as\u00ed como el pr\u00f3ximo 27 y 28 de enero de 2018, se llevara a cabo en el Carmen de Bol\u00edvar, la tercera feria Agroindustrial y ganadera grado B, Bol\u00edvar SI Avanza, que contara con 270 ejemplares bovinos, 150 equinos, granja infantil para el encuentro familiar con 547 ejemplares de peque\u00f1as especies, maquinaria agr\u00edcola, mercado campesino con participaci\u00f3n de un centenar de asociaciones, adem\u00e1s de la presentaci\u00f3n de importantes artistas de la regi\u00f3n.<\/p>\n<p>La idea es que muchos de los ejemplares bovinos y equinos expuestos sean vendidos y queden en la regi\u00f3n a fin de mejorar la gen\u00e9tica pecuaria.<\/p>\n<p>El gobierno tiene claro que los principios que orientan el plan de la administraci\u00f3n, no pueden quedarse en ideas y que deben reflejarse en iniciativas pr\u00e1cticas que rindan beneficios en la gente. La Tercera Feria Agroindustrial y ganadera Grado B, en una muestra de que avanzamos por la paz de nuestra gente.<\/p>\n","protected":false},"excerpt":{"rendered":"<p>Por Danilo Contreras (Especial para Revista Zetta).- Desde los albores del actual gobierno departamental, el gobernador Turbay y su equipo de trabajo ten\u00edan claro que la apuesta de la administraci\u00f3n era por la paz y la consolidaci\u00f3n del posconflicto. Por tal raz\u00f3n esos prop\u00f3sitos quedaron consignados como ejes transversales que irrigan todos los programas y proyectos del plan de desarrollo 2016 \u2013 2019. &nbsp; No era, ni lo es ahora, una tarea f\u00e1cil. La finalizaci\u00f3n del conflicto armado es un hecho nuevo para las generaciones que habitan el territorio. Todos&#8230; <\/p>\n","protected":false},"author":3,"featured_media":23920,"comment_status":"open","ping_status":"closed","sticky":false,"template":"","format":"standard","meta":{"footnotes":"","_links_to":"","_links_to_target":""},"categories":[75,44,65],"tags":[],"class_list":["post-23919","post","type-post","status-publish","format-standard","has-post-thumbnail","hentry","category-destacada","category-materiagris","category-opinion"],"_links":{"self":[{"href":"https:\/\/revistazetta.com\/index.php?rest_route=\/wp\/v2\/posts\/23919","targetHints":{"allow":["GET"]}}],"collection":[{"href":"https:\/\/revistazetta.com\/index.php?rest_route=\/wp\/v2\/posts"}],"about":[{"href":"https:\/\/revistazetta.com\/index.php?rest_route=\/wp\/v2\/types\/post"}],"author":[{"embeddable":true,"href":"https:\/\/revistazetta.com\/index.php?rest_route=\/wp\/v2\/users\/3"}],"replies":[{"embeddable":true,"href":"https:\/\/revistazetta.com\/index.php?rest_route=%2Fwp%2Fv2%2Fcomments&post=23919"}],"version-history":[{"count":0,"href":"https:\/\/revistazetta.com\/index.php?rest_route=\/wp\/v2\/posts\/23919\/revisions"}],"wp:featuredmedia":[{"embeddable":true,"href":"https:\/\/revistazetta.com\/index.php?rest_route=\/wp\/v2\/media\/23920"}],"wp:attachment":[{"href":"https:\/\/revistazetta.com\/index.php?rest_route=%2Fwp%2Fv2%2Fmedia&parent=23919"}],"wp:term":[{"taxonomy":"category","embeddable":true,"href":"https:\/\/revistazetta.com\/index.php?rest_route=%2Fwp%2Fv2%2Fcategories&post=23919"},{"taxonomy":"post_tag","embeddable":true,"href":"https:\/\/revistazetta.com\/index.php?rest_route=%2Fwp%2Fv2%2Ftags&post=23919"}],"curies":[{"name":"wp","href":"https:\/\/api.w.org\/{rel}","templated":true}]}}