{"id":23921,"date":"2018-01-25T07:43:08","date_gmt":"2018-01-25T12:43:08","guid":{"rendered":"http:\/\/www.revistazetta.com\/?p=23921"},"modified":"2018-01-25T07:43:08","modified_gmt":"2018-01-25T12:43:08","slug":"orbita-politica-john-zamora-jueves-25-enero","status":"publish","type":"post","link":"https:\/\/revistazetta.com\/?p=23921","title":{"rendered":"\u00d3rbita Pol\u00edtica de John Zamora &#8211; jueves 25 de enero"},"content":{"rendered":"<p><strong>Jorge Rodr\u00edguez con Andr\u00e9s y Alonso<\/strong><\/p>\n<p>El diputado Jorge Rodr\u00edguez hizo f\u00f3rmula por varios a\u00f1os con el entonces representante del partido de la U El\u00edas Raad, quien se ahog\u00f3 hace cuatro a\u00f1os. Esa alianza termin\u00f3 y cada cual tom\u00f3 caminos diferentes.<\/p>\n<p>Hoy Raad apoya al liberal Miguel G\u00f3mez al Senado y al conservador Yamil Arana a la C\u00e1mara, mientras que Rodr\u00edguez Sosa sigue en la l\u00ednea de su Partido de la U: Andr\u00e9s Felipe Garc\u00eda Zuccardi al Senado y Alonso del R\u00edo Cabarcas a la C\u00e1mara.<\/p>\n<p>Para ratificar la nueva alianza, organiz\u00f3 una reuni\u00f3n con sus principales l\u00edderes y coordin\u00f3 toda la tarea electoral con sus nuevos coequiperos pol\u00edticos.<\/p>\n<p>&nbsp;<\/p>\n<p><strong>Incansable labor social en Arjona<\/strong><\/p>\n<p>El municipio de Arjona afronta problemas similares que la mayor\u00eda de municipios de Bol\u00edvar: microtr\u00e1fico, inseguridad, pobreza, infraestructura, entre otros. No obstante, no se puede perder el trabajo social, la gesti\u00f3n con las comunidades, como es la constante de la alcaldesa Esther Mar\u00eda Jallilie.<\/p>\n<p>Un grupo de personas en condici\u00f3n de discapacidad visual y auditiva culmin\u00f3 con \u00e9xito la capacitaci\u00f3n en elaboraci\u00f3n de traperos, que les brind\u00f3 la Alcald\u00eda\u00a0Municipal, a trav\u00e9s de la Oficina de Discapacidad, con el fin de brindarles herramientas que les permita generar ingresos y mejorar la condici\u00f3n de vida de ellos y las de sus familias.<\/p>\n<p>&nbsp;<\/p>\n<p><strong>Gremios mono-medi\u00e1ticos<\/strong><\/p>\n<p>\u00bfQuiere usted saber qu\u00e9 piensa u opina el Consejo Gremial de Bol\u00edvar? Pues lea El Universal, el \u00fanico medio que reconoce ese cuerpo para divulgar sus asuntos\u2026 o por lo menos eso creen sus directivos\u2026 Y as\u00ed para todo\u2026<\/p>\n<p><a href=\"https:\/\/www.eluniversal.com.co\/politica\/gremios-piden-que-nuevo-alcalde-sea-un-lider-integral-270801\" target=\"_blank\" rel=\"noopener\">https:\/\/www.eluniversal.com.co\/politica\/gremios-piden-que-nuevo-alcalde-sea-un-lider-integral-270801<\/a><\/p>\n","protected":false},"excerpt":{"rendered":"<p>Jorge Rodr\u00edguez con Andr\u00e9s y Alonso El diputado Jorge Rodr\u00edguez hizo f\u00f3rmula por varios a\u00f1os con el entonces representante del partido de la U El\u00edas Raad, quien se ahog\u00f3 hace cuatro a\u00f1os. Esa alianza termin\u00f3 y cada cual tom\u00f3 caminos diferentes. Hoy Raad apoya al liberal Miguel G\u00f3mez al Senado y al conservador Yamil Arana a la C\u00e1mara, mientras que Rodr\u00edguez Sosa sigue en la l\u00ednea de su Partido de la U: Andr\u00e9s Felipe Garc\u00eda Zuccardi al Senado y Alonso del R\u00edo Cabarcas a la C\u00e1mara. Para ratificar la nueva&#8230; <\/p>\n","protected":false},"author":3,"featured_media":23918,"comment_status":"open","ping_status":"closed","sticky":false,"template":"","format":"standard","meta":{"footnotes":"","_links_to":"","_links_to_target":""},"categories":[75,47,44,45],"tags":[],"class_list":["post-23921","post","type-post","status-publish","format-standard","has-post-thumbnail","hentry","category-destacada","category-john-zamora","category-materiagris","category-orbita"],"_links":{"self":[{"href":"https:\/\/revistazetta.com\/index.php?rest_route=\/wp\/v2\/posts\/23921","targetHints":{"allow":["GET"]}}],"collection":[{"href":"https:\/\/revistazetta.com\/index.php?rest_route=\/wp\/v2\/posts"}],"about":[{"href":"https:\/\/revistazetta.com\/index.php?rest_route=\/wp\/v2\/types\/post"}],"author":[{"embeddable":true,"href":"https:\/\/revistazetta.com\/index.php?rest_route=\/wp\/v2\/users\/3"}],"replies":[{"embeddable":true,"href":"https:\/\/revistazetta.com\/index.php?rest_route=%2Fwp%2Fv2%2Fcomments&post=23921"}],"version-history":[{"count":0,"href":"https:\/\/revistazetta.com\/index.php?rest_route=\/wp\/v2\/posts\/23921\/revisions"}],"wp:featuredmedia":[{"embeddable":true,"href":"https:\/\/revistazetta.com\/index.php?rest_route=\/wp\/v2\/media\/23918"}],"wp:attachment":[{"href":"https:\/\/revistazetta.com\/index.php?rest_route=%2Fwp%2Fv2%2Fmedia&parent=23921"}],"wp:term":[{"taxonomy":"category","embeddable":true,"href":"https:\/\/revistazetta.com\/index.php?rest_route=%2Fwp%2Fv2%2Fcategories&post=23921"},{"taxonomy":"post_tag","embeddable":true,"href":"https:\/\/revistazetta.com\/index.php?rest_route=%2Fwp%2Fv2%2Ftags&post=23921"}],"curies":[{"name":"wp","href":"https:\/\/api.w.org\/{rel}","templated":true}]}}