{"id":23925,"date":"2018-01-25T21:52:13","date_gmt":"2018-01-26T02:52:13","guid":{"rendered":"http:\/\/www.revistazetta.com\/?p=23925"},"modified":"2018-01-25T21:52:13","modified_gmt":"2018-01-26T02:52:13","slug":"canaveral-celebra-xix-festival-la-cana-azucar","status":"publish","type":"post","link":"https:\/\/revistazetta.com\/?p=23925","title":{"rendered":"Ca\u00f1averal celebra XIX Festival de la Ca\u00f1a de Az\u00facar"},"content":{"rendered":"<p><strong>El corregimiento de Ca\u00f1averal, en el municipio de Turbaco, se prepara para celebrar su tradicional y pintoresco XIX Festival de la Ca\u00f1a de Az\u00facar, un evento que cuenta con el apoyo de la Alcald\u00eda de Turbaco, el gobierno del \u201cBol\u00edvar S\u00cd Avanza\u201d de Dumek Turbay Paz, Icultur y\u00a0 el Sistema General de Regal\u00edas.<\/strong><\/p>\n<p>Del 27 al 28 de enero de 2018 se realizar\u00e1 en el corregimiento de Ca\u00f1averal, jurisdicci\u00f3n del municipio de Turbaco Bol\u00edvar, la XIX versi\u00f3n del Festival de la Ca\u00f1a de Az\u00facar, un espacio propicio para la integraci\u00f3n y la reconciliaci\u00f3n.<\/p>\n<p>El evento es coordinado por su fundador, Luis Alfonso Torres P\u00e9rez, y tiene como prop\u00f3sito buscar apoyo de las entidades gubernamentales para los cultivadores de este producto en este municipio bolivarense.<\/p>\n<p>Uno de los\u00a0 grandes atractivos de este festival son los tradicionales concursos de la ca\u00f1a, la\u00a0 piqueria y la canci\u00f3n in\u00e9dita.<\/p>\n<p>Luis Alfonso Torres P\u00e9rez, l\u00edder del corregimiento de Ca\u00f1averal, precis\u00f3 que\u00a0 lo fundamental de este festival\u00a0 es que las entidades del gobierno nacional brinden el apoyo necesario para cosechar y vender este producto, \u201cel objetivo es que los cultivadores de ca\u00f1a de esta zona del norte de Bol\u00edvar sepan que cuenta con todo el respaldo para poder sacar adelante sus cultivos\u201d, destac\u00f3 el\u00a0 l\u00edder c\u00edvico de esta poblaci\u00f3n bolivarense.<\/p>\n<p>Torres P\u00e9rez agreg\u00f3 que lo que se busca es integrar a la comunidad campesina y para ello se realzar\u00e1n los tradicionales concursos de la ca\u00f1a de az\u00facar y sus derivados, que son la ca\u00f1a m\u00e1s larga, la m\u00e1s torcida y la m\u00e1s gruesa. Tambi\u00e9n la panela m\u00e1s grande, el mejor batido, y el mejor guarapo.<\/p>\n<p>\u201cEl objetivo principal de este festival\u00a0 es la reactivaci\u00f3n de los cultivos de ca\u00f1a en Ca\u00f1averal y que nuestros campesinos generen sus propios ingresos\u201d, indic\u00f3 Luis Alfonso Torres P\u00e9rez, fundador del festival.<\/p>\n<p>\u201cEn esta nueva versi\u00f3n del festival, esperamos contar con la presencia de grandes artistas locales, regionales y de muchos visitantes para que se lleven un dulce recuerdo de este hermoso corregimiento de Ca\u00f1averal en el municipio de Turbaco, Bol\u00edvar\u201d, concluy\u00f3 Torres P\u00e9rez.<\/p>\n","protected":false},"excerpt":{"rendered":"<p>El corregimiento de Ca\u00f1averal, en el municipio de Turbaco, se prepara para celebrar su tradicional y pintoresco XIX Festival de la Ca\u00f1a de Az\u00facar, un evento que cuenta con el apoyo de la Alcald\u00eda de Turbaco, el gobierno del \u201cBol\u00edvar S\u00cd Avanza\u201d de Dumek Turbay Paz, Icultur y\u00a0 el Sistema General de Regal\u00edas. Del 27 al 28 de enero de 2018 se realizar\u00e1 en el corregimiento de Ca\u00f1averal, jurisdicci\u00f3n del municipio de Turbaco Bol\u00edvar, la XIX versi\u00f3n del Festival de la Ca\u00f1a de Az\u00facar, un espacio propicio para la integraci\u00f3n&#8230; <\/p>\n","protected":false},"author":3,"featured_media":23926,"comment_status":"open","ping_status":"closed","sticky":false,"template":"","format":"standard","meta":{"footnotes":"","_links_to":"","_links_to_target":""},"categories":[41],"tags":[],"class_list":["post-23925","post","type-post","status-publish","format-standard","has-post-thumbnail","hentry","category-cultura"],"_links":{"self":[{"href":"https:\/\/revistazetta.com\/index.php?rest_route=\/wp\/v2\/posts\/23925","targetHints":{"allow":["GET"]}}],"collection":[{"href":"https:\/\/revistazetta.com\/index.php?rest_route=\/wp\/v2\/posts"}],"about":[{"href":"https:\/\/revistazetta.com\/index.php?rest_route=\/wp\/v2\/types\/post"}],"author":[{"embeddable":true,"href":"https:\/\/revistazetta.com\/index.php?rest_route=\/wp\/v2\/users\/3"}],"replies":[{"embeddable":true,"href":"https:\/\/revistazetta.com\/index.php?rest_route=%2Fwp%2Fv2%2Fcomments&post=23925"}],"version-history":[{"count":0,"href":"https:\/\/revistazetta.com\/index.php?rest_route=\/wp\/v2\/posts\/23925\/revisions"}],"wp:featuredmedia":[{"embeddable":true,"href":"https:\/\/revistazetta.com\/index.php?rest_route=\/wp\/v2\/media\/23926"}],"wp:attachment":[{"href":"https:\/\/revistazetta.com\/index.php?rest_route=%2Fwp%2Fv2%2Fmedia&parent=23925"}],"wp:term":[{"taxonomy":"category","embeddable":true,"href":"https:\/\/revistazetta.com\/index.php?rest_route=%2Fwp%2Fv2%2Fcategories&post=23925"},{"taxonomy":"post_tag","embeddable":true,"href":"https:\/\/revistazetta.com\/index.php?rest_route=%2Fwp%2Fv2%2Ftags&post=23925"}],"curies":[{"name":"wp","href":"https:\/\/api.w.org\/{rel}","templated":true}]}}