{"id":23927,"date":"2018-01-25T22:17:44","date_gmt":"2018-01-26T03:17:44","guid":{"rendered":"http:\/\/www.revistazetta.com\/?p=23927"},"modified":"2018-01-25T22:17:44","modified_gmt":"2018-01-26T03:17:44","slug":"padres-familia-secretaria-educacion-tambien-se-comunican-ahora-whatsapp","status":"publish","type":"post","link":"https:\/\/revistazetta.com\/?p=23927","title":{"rendered":"Padres de Familia y Secretar\u00eda de Educaci\u00f3n tambi\u00e9n se comunican ahora por WhatsApp"},"content":{"rendered":"<blockquote><p><strong><em>El n\u00famero\u00a0<\/em><em><u>3202631029<\/u><\/em><em>\u00a0es el nuevo puente de comunicaci\u00f3n<\/em><\/strong><\/p><\/blockquote>\n<p>Un nuevo canal de comunicaci\u00f3n tiene la comunidad educativa de Cartagena: El n\u00famero\u00a0<u>3202631029<\/u>\u00a0de WhatsApp.<\/p>\n<p>A trav\u00e9s de ese contacto, los Padres de Familia y la Secretar\u00eda de Educaci\u00f3n Distrital tendr\u00e1n un puente directo de comunicaci\u00f3n para todos los temas institucionales, especialmente el de Matr\u00edculas, que es el asunto que m\u00e1s inter\u00e9s despierta en esta \u00e9poca.<\/p>\n<p>\u201cPadres de familia ustedes son nuestros principales aliados para que sus hijos reciban un mejor servicio en los colegios y podamos fortalecer la educaci\u00f3n en Cartagena\u201d, dijo Jaime Hern\u00e1ndez Am\u00edn en un mensaje dirigido a la comunidad educativa.<\/p>\n<p>El funcionario se\u00f1al\u00f3 que este nuevo instrumento de comunicaci\u00f3n permitir\u00e1 conocer de primera mano sus sugerencias e inquietudes y trabajar por la educaci\u00f3n de Cartagena.<\/p>\n<p>Un funcionario de la SED tiene la responsabilidad de contestar todos los mensajes, con la informaci\u00f3n requerida por los padres, por lo que se trata de una herramienta directa y eficiente.<\/p>\n<p>Se pueden consultar temas como matr\u00edculas, cupos escolares, localizaci\u00f3n de instituciones educativas, servicio de Unalde, infraestructura, docentes, entre otros asuntos.<\/p>\n<p>Este canal de comunicaci\u00f3n se une al sistema que est\u00e1 implementando la SED, a trav\u00e9s de las redes sociales (Instagram, Twitter, Facebook), as\u00ed como en la p\u00e1gina web\u00a0<u>sedcartagena.gov.co<\/u><\/p>\n","protected":false},"excerpt":{"rendered":"<p>El n\u00famero\u00a03202631029\u00a0es el nuevo puente de comunicaci\u00f3n Un nuevo canal de comunicaci\u00f3n tiene la comunidad educativa de Cartagena: El n\u00famero\u00a03202631029\u00a0de WhatsApp. A trav\u00e9s de ese contacto, los Padres de Familia y la Secretar\u00eda de Educaci\u00f3n Distrital tendr\u00e1n un puente directo de comunicaci\u00f3n para todos los temas institucionales, especialmente el de Matr\u00edculas, que es el asunto que m\u00e1s inter\u00e9s despierta en esta \u00e9poca. \u201cPadres de familia ustedes son nuestros principales aliados para que sus hijos reciban un mejor servicio en los colegios y podamos fortalecer la educaci\u00f3n en Cartagena\u201d, dijo Jaime&#8230; <\/p>\n","protected":false},"author":3,"featured_media":23928,"comment_status":"open","ping_status":"closed","sticky":false,"template":"","format":"standard","meta":{"footnotes":"","_links_to":"","_links_to_target":""},"categories":[75,85,32],"tags":[],"class_list":["post-23927","post","type-post","status-publish","format-standard","has-post-thumbnail","hentry","category-destacada","category-cartagena","category-actualidad-distrito"],"_links":{"self":[{"href":"https:\/\/revistazetta.com\/index.php?rest_route=\/wp\/v2\/posts\/23927","targetHints":{"allow":["GET"]}}],"collection":[{"href":"https:\/\/revistazetta.com\/index.php?rest_route=\/wp\/v2\/posts"}],"about":[{"href":"https:\/\/revistazetta.com\/index.php?rest_route=\/wp\/v2\/types\/post"}],"author":[{"embeddable":true,"href":"https:\/\/revistazetta.com\/index.php?rest_route=\/wp\/v2\/users\/3"}],"replies":[{"embeddable":true,"href":"https:\/\/revistazetta.com\/index.php?rest_route=%2Fwp%2Fv2%2Fcomments&post=23927"}],"version-history":[{"count":0,"href":"https:\/\/revistazetta.com\/index.php?rest_route=\/wp\/v2\/posts\/23927\/revisions"}],"wp:featuredmedia":[{"embeddable":true,"href":"https:\/\/revistazetta.com\/index.php?rest_route=\/wp\/v2\/media\/23928"}],"wp:attachment":[{"href":"https:\/\/revistazetta.com\/index.php?rest_route=%2Fwp%2Fv2%2Fmedia&parent=23927"}],"wp:term":[{"taxonomy":"category","embeddable":true,"href":"https:\/\/revistazetta.com\/index.php?rest_route=%2Fwp%2Fv2%2Fcategories&post=23927"},{"taxonomy":"post_tag","embeddable":true,"href":"https:\/\/revistazetta.com\/index.php?rest_route=%2Fwp%2Fv2%2Ftags&post=23927"}],"curies":[{"name":"wp","href":"https:\/\/api.w.org\/{rel}","templated":true}]}}