{"id":23933,"date":"2018-01-25T22:38:50","date_gmt":"2018-01-26T03:38:50","guid":{"rendered":"http:\/\/www.revistazetta.com\/?p=23933"},"modified":"2018-01-25T22:38:50","modified_gmt":"2018-01-26T03:38:50","slug":"alcaldia-arjona-inaugura-centro-atencion-salud","status":"publish","type":"post","link":"https:\/\/revistazetta.com\/?p=23933","title":{"rendered":"Alcald\u00eda de Arjona inaugura Centro de Atenci\u00f3n en Salud"},"content":{"rendered":"<div dir=\"auto\">\n<div>\n<div dir=\"ltr\"><\/div>\n<\/div>\n<\/div>\n<div dir=\"auto\">\n<div>\n<div dir=\"auto\">\n<div dir=\"auto\">\n<blockquote>\n<div dir=\"ltr\">\n<p><b><\/b><span style=\"font-family: arial, sans-serif;\">Despu\u00e9s de seis meses de trabajos de remodelaci\u00f3n y con una inversi\u00f3n de m\u00e1s de 400 millones de pesos, con recursos COMPES 2016 y 2017, la Alcald\u00eda de Arjona y el Hospital Local de Arjona realizan este 26 de enero la entrega y reapertura del Centro de Atenci\u00f3n en Salud, ubicado en la calle Sim\u00f3n Bossa del municipio de Arjona.\u00a0<\/span><\/p>\n<p><span style=\"font-family: arial, sans-serif;\">En el lugar se prestar\u00e1 atenci\u00f3n primaria de la salud con servicios de cl\u00ednica m\u00e9dica, pediatr\u00eda y enfermer\u00eda, entre otros y cuenta con consultorios m\u00e9dicos, consultorio odontol\u00f3gico, vacunaci\u00f3n, recepci\u00f3n, entre otros espacios.<\/span><\/p>\n<p><span style=\"font-family: arial, sans-serif;\">La alcaldesa de Arjona, Esther Mar\u00eda Jalilie Garc\u00eda, se\u00f1al\u00f3 que se trata de \u201cuna obra de reparaci\u00f3n hist\u00f3rica para el municipio, ya que la poblaci\u00f3n arjonera contar\u00e1 con un Centro de Salud en el que muchas familias, en especial la ni\u00f1ez del municipio, recibir\u00e1n una atenci\u00f3n integral que permitir\u00e1 mejorar su calidad de vida\u201d.<\/span><\/p>\n<\/div>\n<\/blockquote>\n<\/div>\n<\/div>\n<\/div>\n<\/div>\n","protected":false},"excerpt":{"rendered":"<p>Despu\u00e9s de seis meses de trabajos de remodelaci\u00f3n y con una inversi\u00f3n de m\u00e1s de 400 millones de pesos, con recursos COMPES 2016 y 2017, la Alcald\u00eda de Arjona y el Hospital Local de Arjona realizan este 26 de enero la entrega y reapertura del Centro de Atenci\u00f3n en Salud, ubicado en la calle Sim\u00f3n Bossa del municipio de Arjona.\u00a0 En el lugar se prestar\u00e1 atenci\u00f3n primaria de la salud con servicios de cl\u00ednica m\u00e9dica, pediatr\u00eda y enfermer\u00eda, entre otros y cuenta con consultorios m\u00e9dicos, consultorio odontol\u00f3gico, vacunaci\u00f3n, recepci\u00f3n, entre&#8230; <\/p>\n","protected":false},"author":3,"featured_media":23934,"comment_status":"open","ping_status":"closed","sticky":false,"template":"","format":"standard","meta":{"footnotes":"","_links_to":"","_links_to_target":""},"categories":[83,80],"tags":[],"class_list":["post-23933","post","type-post","status-publish","format-standard","has-post-thumbnail","hentry","category-municipios","category-region"],"_links":{"self":[{"href":"https:\/\/revistazetta.com\/index.php?rest_route=\/wp\/v2\/posts\/23933","targetHints":{"allow":["GET"]}}],"collection":[{"href":"https:\/\/revistazetta.com\/index.php?rest_route=\/wp\/v2\/posts"}],"about":[{"href":"https:\/\/revistazetta.com\/index.php?rest_route=\/wp\/v2\/types\/post"}],"author":[{"embeddable":true,"href":"https:\/\/revistazetta.com\/index.php?rest_route=\/wp\/v2\/users\/3"}],"replies":[{"embeddable":true,"href":"https:\/\/revistazetta.com\/index.php?rest_route=%2Fwp%2Fv2%2Fcomments&post=23933"}],"version-history":[{"count":0,"href":"https:\/\/revistazetta.com\/index.php?rest_route=\/wp\/v2\/posts\/23933\/revisions"}],"wp:featuredmedia":[{"embeddable":true,"href":"https:\/\/revistazetta.com\/index.php?rest_route=\/wp\/v2\/media\/23934"}],"wp:attachment":[{"href":"https:\/\/revistazetta.com\/index.php?rest_route=%2Fwp%2Fv2%2Fmedia&parent=23933"}],"wp:term":[{"taxonomy":"category","embeddable":true,"href":"https:\/\/revistazetta.com\/index.php?rest_route=%2Fwp%2Fv2%2Fcategories&post=23933"},{"taxonomy":"post_tag","embeddable":true,"href":"https:\/\/revistazetta.com\/index.php?rest_route=%2Fwp%2Fv2%2Ftags&post=23933"}],"curies":[{"name":"wp","href":"https:\/\/api.w.org\/{rel}","templated":true}]}}