{"id":23935,"date":"2018-01-25T22:46:59","date_gmt":"2018-01-26T03:46:59","guid":{"rendered":"http:\/\/www.revistazetta.com\/?p=23935"},"modified":"2018-01-25T22:46:59","modified_gmt":"2018-01-26T03:46:59","slug":"yamilito-inaugura-comando-magangue","status":"publish","type":"post","link":"https:\/\/revistazetta.com\/?p=23935","title":{"rendered":"Yamilito inaugura comando en Magangu\u00e9"},"content":{"rendered":"<blockquote>\n<div>\n<p class=\"m_1075618615418729038p1\"><span class=\"m_1075618615418729038s2\">En su objetivo de acercarse m\u00e1s a los bolivarenses para escucharlos y poder liderar soluciones a sus necesidades, este viernes ser\u00e1 inaugurado la sede de campa\u00f1a del candidato Yamilito en su tierra para atender a los habitantes de Magangu\u00e9 y dem\u00e1s municipios del sur del departamento.<\/span><\/p>\n<p class=\"m_1075618615418729038p1\"><span class=\"m_1075618615418729038s2\">La sede est\u00e1 ubicada en la avenida Colombia de Magangu\u00e9 y contar\u00e1 con la presencia de su f\u00f3rmula al Senado, Nadia Blel Scaff, quien acompa\u00f1ar\u00e1 al aspirante en una concentraci\u00f3n en el corregimiento de Yat\u00ed para que esta comunidad sienta que sus candidatos est\u00e1n m\u00e1s cerca y siempre de su lado.<\/span><\/p>\n<p><strong>En Santa Rosa de Lima<\/strong><\/p>\n<p class=\"m_1075618615418729038p1\"><span class=\"m_1075618615418729038s2\">Nuevas voces de apoyo se suman en Santa Rosa de Lima al proyecto pol\u00edtico del conservador, Yamilito Arana a la C\u00e1mara de Representantes C101.<\/span><\/p>\n<p class=\"m_1075618615418729038p1\"><span class=\"m_1075618615418729038s2\">En su reciente visita a este municipio del norte de Bol\u00edvar, el candidato expres\u00f3 que sus iniciativas como Congresista estar\u00e1n enfocadas en gestionar recursos para que la vivienda, la salud, la educaci\u00f3n y el empleo est\u00e9n m\u00e1s cerca de la gente con soluciones a las problem\u00e1ticas que enfrentan desde hace varios a\u00f1os.<\/span><\/p>\n<\/div>\n<\/blockquote>\n<blockquote>\n<div>\n<p class=\"m_1075618615418729038p1\"><span class=\"m_1075618615418729038s2\">\u00abBol\u00edvar debe ser un departamento de propietarios, donde las familias bolivarenses cuenten con las escrituras de una vivienda digna que aporte al mejoramiento de sus proyectos de vida\u00bb, indic\u00f3 el aspirante en una conversaci\u00f3n con varios grupos de l\u00edderes pol\u00edticos santaroseros.<\/span><\/p>\n<\/div>\n<\/blockquote>\n<blockquote>\n<p class=\"m_1075618615418729038p2\">Recalc\u00f3 adem\u00e1s la responsabilidad que tiene como joven frente al cambio de hacer pol\u00edtica en el territorio. \u00abLos j\u00f3venes necesitamos oportunidades como \u00e9stas para demostrar que s\u00ed podemos transformar realidades con nuestro liderazgo. Esa es la gesti\u00f3n que quiero destacar desde la C\u00e1mara de Representantes en el periodo 2019 &#8211; 2022\u00bb, sostuvo Yamilito Arana.<\/p>\n<p class=\"m_1075618615418729038p2\">En su recorrido por los barrios de Cartagena, junto a su f\u00f3rmula al Senado, Nadia Blel, el aspirante estuvo m\u00e1s cerca de los habitantes del L\u00edbano en la zona suroriental. Comparti\u00f3 su compromiso en temas como la salud y el empleo, que exigen leyes que le devuelvan la tranquilidad y facilidades de acceso para obtener ingresos y hacerle frente al llamado \u00abpagadiario\u00bb o \u00abgota a gota\u00bb que atenta contra la econom\u00eda familiar de la gente en Bol\u00edvar y su capital.<span class=\"m_1075618615418729038Apple-converted-space\">\u00a0<\/span><\/p>\n<\/blockquote>\n<div>\n<p class=\"m_1075618615418729038p1\">\n<\/div>\n","protected":false},"excerpt":{"rendered":"<p>En su objetivo de acercarse m\u00e1s a los bolivarenses para escucharlos y poder liderar soluciones a sus necesidades, este viernes ser\u00e1 inaugurado la sede de campa\u00f1a del candidato Yamilito en su tierra para atender a los habitantes de Magangu\u00e9 y dem\u00e1s municipios del sur del departamento. La sede est\u00e1 ubicada en la avenida Colombia de Magangu\u00e9 y contar\u00e1 con la presencia de su f\u00f3rmula al Senado, Nadia Blel Scaff, quien acompa\u00f1ar\u00e1 al aspirante en una concentraci\u00f3n en el corregimiento de Yat\u00ed para que esta comunidad sienta que sus candidatos est\u00e1n&#8230; <\/p>\n","protected":false},"author":3,"featured_media":23936,"comment_status":"open","ping_status":"closed","sticky":false,"template":"","format":"standard","meta":{"footnotes":"","_links_to":"","_links_to_target":""},"categories":[75,4],"tags":[],"class_list":["post-23935","post","type-post","status-publish","format-standard","has-post-thumbnail","hentry","category-destacada","category-politica"],"_links":{"self":[{"href":"https:\/\/revistazetta.com\/index.php?rest_route=\/wp\/v2\/posts\/23935","targetHints":{"allow":["GET"]}}],"collection":[{"href":"https:\/\/revistazetta.com\/index.php?rest_route=\/wp\/v2\/posts"}],"about":[{"href":"https:\/\/revistazetta.com\/index.php?rest_route=\/wp\/v2\/types\/post"}],"author":[{"embeddable":true,"href":"https:\/\/revistazetta.com\/index.php?rest_route=\/wp\/v2\/users\/3"}],"replies":[{"embeddable":true,"href":"https:\/\/revistazetta.com\/index.php?rest_route=%2Fwp%2Fv2%2Fcomments&post=23935"}],"version-history":[{"count":0,"href":"https:\/\/revistazetta.com\/index.php?rest_route=\/wp\/v2\/posts\/23935\/revisions"}],"wp:featuredmedia":[{"embeddable":true,"href":"https:\/\/revistazetta.com\/index.php?rest_route=\/wp\/v2\/media\/23936"}],"wp:attachment":[{"href":"https:\/\/revistazetta.com\/index.php?rest_route=%2Fwp%2Fv2%2Fmedia&parent=23935"}],"wp:term":[{"taxonomy":"category","embeddable":true,"href":"https:\/\/revistazetta.com\/index.php?rest_route=%2Fwp%2Fv2%2Fcategories&post=23935"},{"taxonomy":"post_tag","embeddable":true,"href":"https:\/\/revistazetta.com\/index.php?rest_route=%2Fwp%2Fv2%2Ftags&post=23935"}],"curies":[{"name":"wp","href":"https:\/\/api.w.org\/{rel}","templated":true}]}}