{"id":23937,"date":"2018-01-25T23:27:12","date_gmt":"2018-01-26T04:27:12","guid":{"rendered":"http:\/\/www.revistazetta.com\/?p=23937"},"modified":"2018-01-25T23:27:12","modified_gmt":"2018-01-26T04:27:12","slug":"50-anos-promoviendo-la-fe-escallon-villa-catedral","status":"publish","type":"post","link":"https:\/\/revistazetta.com\/?p=23937","title":{"rendered":"50 a\u00f1os promoviendo la fe \u00a1Escall\u00f3n Villa tiene su catedral!"},"content":{"rendered":"<p>Los feligreses de la parroquia Sagrado Coraz\u00f3n de Jes\u00fas del barrio Escall\u00f3n Villa celebran con alborozo los 50 a\u00f1os de existencia, promoviendo la fe y la uni\u00f3n entre vecinos.<\/p>\n<p>\u201cLa parroquia fue fundada por el padre Florencio \u00c1lvarez y la se\u00f1ora Alicia Ta\u00fas, presidenta de la iglesia San Pedro Claver, quienes vieron la necesidad de construir un templo cat\u00f3lico en ese sector, debido a que se ve\u00edan en la obligaci\u00f3n de celebrar la misa en un lote de propiedad del Cabo Ochoa, en la calle Buenos Aires. La comunidad compr\u00f3 un lote, que pertenec\u00eda a los Hermanos Salesianos, por $16.000\u201d, dijo un miembro de la comunidad.<\/p>\n<p>Fue la misma comunidad, comerciantes y\u00a0 gente de buen coraz\u00f3n de otros sectores, la que apoy\u00f3 la construcci\u00f3n del templo, apoyados por comerciantes de la zona y otros. Cementos Caribe aport\u00f3 todo el cemento, el arquitecto V\u00edctor Victorino, el estudio del suelo y el dise\u00f1o arquitect\u00f3nico.<\/p>\n<p>A finales de 1967 se termin\u00f3 la obra y finalmente fue consolidada como parroquia el 23 de enero de 1968. Su primer sacerdote\u00a0 fue el padre Manuel Bedoya A., pilar importante en la parte espiritual y organizaci\u00f3n de la parroquia.<\/p>\n<p>En 1974, con la llegada del padre Sahabel Porto se dio el cambio de residencia de los sacerdotes, quienes entraron a ocupar en la casa cural, junto con algunas religiosas que apoyaron en la organizaci\u00f3n del archivo parroquial y otros menesteres.<\/p>\n<p>En la vida de la Parroquia Sagrado Coraz\u00f3n de Jes\u00fas han pasado muchos sacerdotes, algunos como p\u00e1rrocos y otros como apoyo.\u00a0 Entre ellos, el padre Manuel Bedoya A. (primer p\u00e1rroco en 1968) Sahabel Porto, Gabriel Villa, Mariano Fr\u00edas, Gustavo Casta\u00f1o E., Jes\u00fas de Alonso Mariana, Jairo Saldarriaga, C\u00e9sar Garc\u00eda (espa\u00f1ol) destacamos al padre Victoriano Ruiz Bueno (espa\u00f1ol) qui\u00e9n dirigi\u00f3 la parroquia por 30 a\u00f1os (1983 a 2014)<\/p>\n<p>El p\u00e1rroco Victoriano Ruiz so\u00f1\u00f3 con un templo en donde los fieles estuviesen alrededor del altar para denotar m\u00e1s acercamiento, m\u00e1s hermandad, evitar las distracciones de la calle y que el altar se ubicara al lado derecho.<\/p>\n<p>A mediados del a\u00f1o 1999 aproximadamente culmin\u00f3 la remodelaci\u00f3n de la iglesia. Fue tanta la satisfacci\u00f3n del padre C\u00e9sar Garc\u00eda al mirar la obra concluida que dijo emocionado:: \u201cEsta es la catedral de Escall\u00f3n Villa\u201d.<\/p>\n","protected":false},"excerpt":{"rendered":"<p>Los feligreses de la parroquia Sagrado Coraz\u00f3n de Jes\u00fas del barrio Escall\u00f3n Villa celebran con alborozo los 50 a\u00f1os de existencia, promoviendo la fe y la uni\u00f3n entre vecinos. \u201cLa parroquia fue fundada por el padre Florencio \u00c1lvarez y la se\u00f1ora Alicia Ta\u00fas, presidenta de la iglesia San Pedro Claver, quienes vieron la necesidad de construir un templo cat\u00f3lico en ese sector, debido a que se ve\u00edan en la obligaci\u00f3n de celebrar la misa en un lote de propiedad del Cabo Ochoa, en la calle Buenos Aires. La comunidad compr\u00f3&#8230; <\/p>\n","protected":false},"author":3,"featured_media":23938,"comment_status":"open","ping_status":"closed","sticky":false,"template":"","format":"standard","meta":{"footnotes":"","_links_to":"","_links_to_target":""},"categories":[32,86],"tags":[],"class_list":["post-23937","post","type-post","status-publish","format-standard","has-post-thumbnail","hentry","category-actualidad-distrito","category-comunidad"],"_links":{"self":[{"href":"https:\/\/revistazetta.com\/index.php?rest_route=\/wp\/v2\/posts\/23937","targetHints":{"allow":["GET"]}}],"collection":[{"href":"https:\/\/revistazetta.com\/index.php?rest_route=\/wp\/v2\/posts"}],"about":[{"href":"https:\/\/revistazetta.com\/index.php?rest_route=\/wp\/v2\/types\/post"}],"author":[{"embeddable":true,"href":"https:\/\/revistazetta.com\/index.php?rest_route=\/wp\/v2\/users\/3"}],"replies":[{"embeddable":true,"href":"https:\/\/revistazetta.com\/index.php?rest_route=%2Fwp%2Fv2%2Fcomments&post=23937"}],"version-history":[{"count":0,"href":"https:\/\/revistazetta.com\/index.php?rest_route=\/wp\/v2\/posts\/23937\/revisions"}],"wp:featuredmedia":[{"embeddable":true,"href":"https:\/\/revistazetta.com\/index.php?rest_route=\/wp\/v2\/media\/23938"}],"wp:attachment":[{"href":"https:\/\/revistazetta.com\/index.php?rest_route=%2Fwp%2Fv2%2Fmedia&parent=23937"}],"wp:term":[{"taxonomy":"category","embeddable":true,"href":"https:\/\/revistazetta.com\/index.php?rest_route=%2Fwp%2Fv2%2Fcategories&post=23937"},{"taxonomy":"post_tag","embeddable":true,"href":"https:\/\/revistazetta.com\/index.php?rest_route=%2Fwp%2Fv2%2Ftags&post=23937"}],"curies":[{"name":"wp","href":"https:\/\/api.w.org\/{rel}","templated":true}]}}