{"id":23959,"date":"2018-01-27T11:27:35","date_gmt":"2018-01-27T16:27:35","guid":{"rendered":"http:\/\/www.revistazetta.com\/?p=23959"},"modified":"2018-01-27T11:27:35","modified_gmt":"2018-01-27T16:27:35","slug":"dirigentes-bolivar-se-solidarizan-barranquilla","status":"publish","type":"post","link":"https:\/\/revistazetta.com\/?p=23959","title":{"rendered":"Dirigentes de Bol\u00edvar se solidarizan con Barranquilla"},"content":{"rendered":"<p>Los atentados de esta ma\u00f1ana en Barranquilla recibieron la condena de la clase dirigente de Bol\u00edvar, en una muestra de solidaridad con las gentes de esa ciudad.<\/p>\n<p>El gobernador de Bol\u00edvar Dumek Turbay, indic\u00f3 que \u201cGobernadores de la regi\u00f3n Caribe en representaci\u00f3n de nuestra comunidad rechazamos el atentado criminal a nuestra Polic\u00eda Nacional en la ciudad de Barranquilla\u201d, y a\u00f1adi\u00f3 que \u201cunidos contra los violentos, estamos contigo Alejandro Char, solidarios con tu gente, nuestras condolencias a todos\u201d<\/p>\n<p>La senadora Sandra Villadiego envi\u00f3 un mensaje de condolencia a las familias de los polic\u00edas asesinados, y dijo que Colombia debe cerrar filas contra la criminalidad.<\/p>\n<p>La senadora Nadia Blel declar\u00f3 que \u201cRepudio total este hecho que no s\u00f3lo enluta a Barranquilla, sino a toda Colombia. Exigimos a la justicia que sobre los autores caiga todo su peso. Mi solidaridad y condolencias a las familias de los polic\u00edas asesinados vilmente<\/p>\n<p>El aspirante a la C\u00e1mara Jorge Benedetti, indic\u00f3 que \u201cRechazo total a cobarde atentado contra nuestra Polic\u00eda. Toda nuestra solidaridad para con familia y amigos de los afectados en este acto de terrorismo. Hoy mas unidos que nunca para que a responsables se les capture y les caiga todo el peso de la ley\u201d.<\/p>\n<p>El senador Andr\u00e9s Felipe Garc\u00eda Zuccardi dijo: Nuestras m\u00e1s sinceras condolencias para la Polic\u00eda. Tienen todo nuestro respaldo, rechazamos este acto terrorista en el barrio San Jos\u00e9 y apoyamos a todos los ciudadanos de la capital del Atl\u00e1ntico, esperamos se puedan aclarar los hechos lo m\u00e1s pronto posible.<\/p>\n<p>A su vez, el representante a la C\u00e1mara Alonso del R\u00edo Cabarcas, expres\u00f3: \u201cSolidaridad y mis mas sentidas condolencias a los familiares de nuestros hermanos polic\u00edas. Lo que pas\u00f3 en la ma\u00f1ana de hoy es un acto de cobard\u00eda y que caiga todo el peso de la ley a los responsables de este acto.<\/p>\n","protected":false},"excerpt":{"rendered":"<p>Los atentados de esta ma\u00f1ana en Barranquilla recibieron la condena de la clase dirigente de Bol\u00edvar, en una muestra de solidaridad con las gentes de esa ciudad. El gobernador de Bol\u00edvar Dumek Turbay, indic\u00f3 que \u201cGobernadores de la regi\u00f3n Caribe en representaci\u00f3n de nuestra comunidad rechazamos el atentado criminal a nuestra Polic\u00eda Nacional en la ciudad de Barranquilla\u201d, y a\u00f1adi\u00f3 que \u201cunidos contra los violentos, estamos contigo Alejandro Char, solidarios con tu gente, nuestras condolencias a todos\u201d La senadora Sandra Villadiego envi\u00f3 un mensaje de condolencia a las familias de&#8230; <\/p>\n","protected":false},"author":3,"featured_media":0,"comment_status":"open","ping_status":"closed","sticky":false,"template":"","format":"standard","meta":{"footnotes":"","_links_to":"","_links_to_target":""},"categories":[2],"tags":[],"class_list":["post-23959","post","type-post","status-publish","format-standard","hentry","category-actualidad"],"_links":{"self":[{"href":"https:\/\/revistazetta.com\/index.php?rest_route=\/wp\/v2\/posts\/23959","targetHints":{"allow":["GET"]}}],"collection":[{"href":"https:\/\/revistazetta.com\/index.php?rest_route=\/wp\/v2\/posts"}],"about":[{"href":"https:\/\/revistazetta.com\/index.php?rest_route=\/wp\/v2\/types\/post"}],"author":[{"embeddable":true,"href":"https:\/\/revistazetta.com\/index.php?rest_route=\/wp\/v2\/users\/3"}],"replies":[{"embeddable":true,"href":"https:\/\/revistazetta.com\/index.php?rest_route=%2Fwp%2Fv2%2Fcomments&post=23959"}],"version-history":[{"count":0,"href":"https:\/\/revistazetta.com\/index.php?rest_route=\/wp\/v2\/posts\/23959\/revisions"}],"wp:attachment":[{"href":"https:\/\/revistazetta.com\/index.php?rest_route=%2Fwp%2Fv2%2Fmedia&parent=23959"}],"wp:term":[{"taxonomy":"category","embeddable":true,"href":"https:\/\/revistazetta.com\/index.php?rest_route=%2Fwp%2Fv2%2Fcategories&post=23959"},{"taxonomy":"post_tag","embeddable":true,"href":"https:\/\/revistazetta.com\/index.php?rest_route=%2Fwp%2Fv2%2Ftags&post=23959"}],"curies":[{"name":"wp","href":"https:\/\/api.w.org\/{rel}","templated":true}]}}