{"id":23960,"date":"2018-01-28T08:32:44","date_gmt":"2018-01-28T13:32:44","guid":{"rendered":"http:\/\/www.revistazetta.com\/?p=23960"},"modified":"2018-01-28T08:38:02","modified_gmt":"2018-01-28T13:38:02","slug":"senador-correa-pide-superfinanciera-investigar-creditos-construcciones-ilegales","status":"publish","type":"post","link":"https:\/\/revistazetta.com\/?p=23960","title":{"rendered":"Senador Correa pide a Superfinanciera investigar cr\u00e9ditos a construcciones ilegales"},"content":{"rendered":"<p>El segundo vicepresidente del Senado, Antonio Correa Jim\u00e9nez, quien es autor e impulsor de la Ley Anti Space, se\u00f1al\u00f3 que las personas que fungen como peritos en las entidades financieras y han hecho aval\u00faos de construcciones ilegales deben ser investigadas por el ente de control.<\/p>\n<p>El congresista, quien aspira a la reelecci\u00f3n con el n\u00famero 1 en la lista a Senado del partido Opci\u00f3n Ciudadana, sostuvo que es una obligaci\u00f3n de la Superintendencia Financiera investigar a esos funcionarios de los bancos que de manera irregular han tramitado cr\u00e9ditos y\u00a0 pr\u00e9stamos a proyectos de construcci\u00f3n ilegales en el pa\u00eds.<\/p>\n<p>Insisti\u00f3 en que en todo esto el Gobierno central a trav\u00e9s del Ministerio de Vivienda debe entrar a regular y reglamentar la ley sobre construcciones en Colombia para frenar de una vez por todas las irregularidades que se vienen cometiendo por estos constructores ilegales.<\/p>\n<p>El senador Correa afirm\u00f3 que el tiempo apremia en la aplicaci\u00f3n de lo m\u00ednimo que contempla la ley de construcciones en el pa\u00eds para evitar tragedias como las de Medell\u00edn o Cartagena.<\/p>\n<p><strong>Senador Correa presidi\u00f3 reuniones en Cartagena<\/strong><\/p>\n<p>El senador Antonio Correa Jim\u00e9nez realiz\u00f3 varias reuniones en el barrio el poz\u00f3n y San Jos\u00e9 de los Campanos, donde ratific\u00f3 su compromiso de seguir trabajando por las comunidades menos favorecidas.<\/p>\n<p>Correa Jim\u00e9nez estuvo acompa\u00f1ado de la edil Iris Montes Shamoun, varios lideres del sector, y del aspirante a la Alcald\u00eda de Cartagena, Cesar Anaya Cuesta.<\/p>\n<div class=\"m_-8614439770426299998gmail-text_exposed_show\">\n<p>Manifest\u00f3 que en la Comisi\u00f3n S\u00e9ptima del Senado logr\u00f3 hacer varios debates de control pol\u00edtico para que a los pensionados se les baje la retenci\u00f3n del 12% al 4%. \u00abAdem\u00e1s tambi\u00e9n logramos detener con gran acierto la reforma pensional que pretend\u00eda hacer el gobierno nacional, subiendo la edad de jubilaci\u00f3n. Elevar la edad de pensionarse en un pa\u00eds como el nuestro es un atentado contra los mas necesitados\u00bb, asever\u00f3.<\/p>\n<p>Correa Jim\u00e9nez sostendr\u00e1 este domingo varias reuniones en los municipios de la L\u00ednea, como San Enstanislao de Kostka y San Cristobal, como tambi\u00e9n en Arjona y Turbaco. A estas reuniones el gerente de la campa\u00f1a en Bolivar y pr\u00f3ximo aspirante a la Gobernaci\u00f3n, Jes\u00fas Payares Castillo, rat\u00edfic\u00f3 su apoyo al senador Correa Jim\u00e9nez y al representante a la c\u00e1mara Hernando Padau\u00ed.<\/p>\n<\/div>\n","protected":false},"excerpt":{"rendered":"<p>El segundo vicepresidente del Senado, Antonio Correa Jim\u00e9nez, quien es autor e impulsor de la Ley Anti Space, se\u00f1al\u00f3 que las personas que fungen como peritos en las entidades financieras y han hecho aval\u00faos de construcciones ilegales deben ser investigadas por el ente de control. El congresista, quien aspira a la reelecci\u00f3n con el n\u00famero 1 en la lista a Senado del partido Opci\u00f3n Ciudadana, sostuvo que es una obligaci\u00f3n de la Superintendencia Financiera investigar a esos funcionarios de los bancos que de manera irregular han tramitado cr\u00e9ditos y\u00a0 pr\u00e9stamos&#8230; <\/p>\n","protected":false},"author":3,"featured_media":23961,"comment_status":"open","ping_status":"closed","sticky":false,"template":"","format":"standard","meta":{"footnotes":"","_links_to":"","_links_to_target":""},"categories":[75,4],"tags":[],"class_list":["post-23960","post","type-post","status-publish","format-standard","has-post-thumbnail","hentry","category-destacada","category-politica"],"_links":{"self":[{"href":"https:\/\/revistazetta.com\/index.php?rest_route=\/wp\/v2\/posts\/23960","targetHints":{"allow":["GET"]}}],"collection":[{"href":"https:\/\/revistazetta.com\/index.php?rest_route=\/wp\/v2\/posts"}],"about":[{"href":"https:\/\/revistazetta.com\/index.php?rest_route=\/wp\/v2\/types\/post"}],"author":[{"embeddable":true,"href":"https:\/\/revistazetta.com\/index.php?rest_route=\/wp\/v2\/users\/3"}],"replies":[{"embeddable":true,"href":"https:\/\/revistazetta.com\/index.php?rest_route=%2Fwp%2Fv2%2Fcomments&post=23960"}],"version-history":[{"count":0,"href":"https:\/\/revistazetta.com\/index.php?rest_route=\/wp\/v2\/posts\/23960\/revisions"}],"wp:featuredmedia":[{"embeddable":true,"href":"https:\/\/revistazetta.com\/index.php?rest_route=\/wp\/v2\/media\/23961"}],"wp:attachment":[{"href":"https:\/\/revistazetta.com\/index.php?rest_route=%2Fwp%2Fv2%2Fmedia&parent=23960"}],"wp:term":[{"taxonomy":"category","embeddable":true,"href":"https:\/\/revistazetta.com\/index.php?rest_route=%2Fwp%2Fv2%2Fcategories&post=23960"},{"taxonomy":"post_tag","embeddable":true,"href":"https:\/\/revistazetta.com\/index.php?rest_route=%2Fwp%2Fv2%2Ftags&post=23960"}],"curies":[{"name":"wp","href":"https:\/\/api.w.org\/{rel}","templated":true}]}}