{"id":23963,"date":"2018-01-28T08:47:53","date_gmt":"2018-01-28T13:47:53","guid":{"rendered":"http:\/\/www.revistazetta.com\/?p=23963"},"modified":"2018-01-28T08:47:53","modified_gmt":"2018-01-28T13:47:53","slug":"modelo-competencias-ciudadanas-aplicara-las-escuelas-oficiales-bolivar","status":"publish","type":"post","link":"https:\/\/revistazetta.com\/?p=23963","title":{"rendered":"Modelo de Competencias Ciudadanas aplicar\u00e1 en las escuelas oficiales de Bol\u00edvar"},"content":{"rendered":"<blockquote><p><strong><em>Por espacio de dos d\u00edas rectores y docentes de las escuelas oficiales focalizadas se dieron cita en la capital de Bol\u00edvar \u00a0para la implementaci\u00f3n de la primera fase\u00a0 del modelo de Competencias Ciudadanas, que contribuyen a la construcci\u00f3n de una cultura de paz, incidiendo en el desarrollo de valores de comportamientos y en la creaci\u00f3n de condiciones sociales, institucionales y pol\u00edticas que favorezcan la convivencia y la paz.<\/em><\/strong><\/p><\/blockquote>\n<p>La ministra de Educaci\u00f3n, Yaneth Giha Tovar, valor\u00f3 el esfuerzo y dedicaci\u00f3n\u00a0 de los directivos y rectores de las escuelas oficiales de Bol\u00edvar, durante la implementaci\u00f3n del piloto modelo de Competencias Ciudadanas, definidas como el\u00a0 conjunto de conocimientos y de habilidades cognitivas, emocionales y comunicativas que, articulados entre s\u00ed, hacen posible que el ciudadano act\u00fae de manera constructiva en la sociedad del departamento de Bol\u00edvar.<\/p>\n<p>Mediante convenio firmado entre el Ministerio de Educaci\u00f3n Nacional y Organizaci\u00f3n Internacional para las Migraciones OIM, se busca contribuir a la construcci\u00f3n de una cultura de paz, incidiendo en el desarrollo de valores y comportamientos y en la creaci\u00f3n de condiciones sociales, institucionales y pol\u00edticas que favorezcan la convivencia y la paz, de tal manera que se conviertan en multiplicadores en cada rinc\u00f3n de la inh\u00f3spita y quebrada geograf\u00eda del departamento.<\/p>\n<p>El Programa de Competencias Ciudadanas se orienta a desarrollar las habilidades, destrezas y conocimientos sobre ciudadan\u00eda y convivencia en los estudiantes, \u201clograr una educaci\u00f3n de calidad significa formar ciudadanos con valores \u00e9ticos, respetuosos de lo p\u00fablico, que ejerzan los derechos humanos, cumplan sus deberes sociales y convivan en paz\u201d, asever\u00f3 Oscar Mar\u00edn Villalba, Secretario de Educaci\u00f3n de Bol\u00edvar.<\/p>\n<p>La m\u00e1xima autoridad educativa del departamento, dijo que este\u00a0 reto implica ofrecer una educaci\u00f3n que genere oportunidades leg\u00edtimas de progreso y prosperidad, que sea competitiva y contribuya a cerrar las brechas de inequidad., \u201cnecesitamos una formaci\u00f3n\u00a0 centrada en la instituci\u00f3n educativa, que permita y comprometa la participaci\u00f3n de toda la sociedad en un contexto diverso, multi\u00e9tnico y pluricultural\u201d, precis\u00f3.<\/p>\n<p>\u201cComo administraci\u00f3n \u201cBol\u00edvar S\u00cd Avanza\u201d de nuestro gobernador, Dumek Turbay Paz tenemos la responsabilidad de contribuir con la paz desde las instituciones educativas, que sea duradera\u00a0 y forme\u00a0 mejores ciudadanos, la paz es un\u00a0 compromiso de todos los actores de la sociedad bolivarense\u201d, precis\u00f3, Robinson Casarrubia Cardona, director de Calidad Educativa de la Secretar\u00eda de Educaci\u00f3n de Bol\u00edvar.<\/p>\n<p><strong><u>Colegios focalizados en Bol\u00edvar<\/u><\/strong><\/p>\n<ul>\n<li>Instituci\u00f3n Educativa de Santa Lucia (C\u00f3rdoba Tet\u00f3n)<\/li>\n<li>Instituci\u00f3n Educativa de Sincelejito (C\u00f3rdoba Tet\u00f3n)<\/li>\n<li>Instituci\u00f3n Educativa de Correa (Mar\u00eda La Baja)<\/li>\n<li>Instituci\u00f3n Educativa de San Jos\u00e9 de Play\u00f3n (Mar\u00eda La Baja)<\/li>\n<li>Instituci\u00f3n Educativa Manuel Edmundo Mendoza (El Carmen de Bol\u00edvar)<\/li>\n<li>Instituci\u00f3n Educativa Villa Flor (Santa Rosa del Sur), son las instituciones educativas favorecidas con la implementaci\u00f3n del modelo de Competencias Ciudadanas.<\/li>\n<\/ul>\n","protected":false},"excerpt":{"rendered":"<p>Por espacio de dos d\u00edas rectores y docentes de las escuelas oficiales focalizadas se dieron cita en la capital de Bol\u00edvar \u00a0para la implementaci\u00f3n de la primera fase\u00a0 del modelo de Competencias Ciudadanas, que contribuyen a la construcci\u00f3n de una cultura de paz, incidiendo en el desarrollo de valores de comportamientos y en la creaci\u00f3n de condiciones sociales, institucionales y pol\u00edticas que favorezcan la convivencia y la paz. La ministra de Educaci\u00f3n, Yaneth Giha Tovar, valor\u00f3 el esfuerzo y dedicaci\u00f3n\u00a0 de los directivos y rectores de las escuelas oficiales de&#8230; <\/p>\n","protected":false},"author":3,"featured_media":23964,"comment_status":"open","ping_status":"closed","sticky":false,"template":"","format":"standard","meta":{"footnotes":"","_links_to":"","_links_to_target":""},"categories":[75,2],"tags":[],"class_list":["post-23963","post","type-post","status-publish","format-standard","has-post-thumbnail","hentry","category-destacada","category-actualidad"],"_links":{"self":[{"href":"https:\/\/revistazetta.com\/index.php?rest_route=\/wp\/v2\/posts\/23963","targetHints":{"allow":["GET"]}}],"collection":[{"href":"https:\/\/revistazetta.com\/index.php?rest_route=\/wp\/v2\/posts"}],"about":[{"href":"https:\/\/revistazetta.com\/index.php?rest_route=\/wp\/v2\/types\/post"}],"author":[{"embeddable":true,"href":"https:\/\/revistazetta.com\/index.php?rest_route=\/wp\/v2\/users\/3"}],"replies":[{"embeddable":true,"href":"https:\/\/revistazetta.com\/index.php?rest_route=%2Fwp%2Fv2%2Fcomments&post=23963"}],"version-history":[{"count":0,"href":"https:\/\/revistazetta.com\/index.php?rest_route=\/wp\/v2\/posts\/23963\/revisions"}],"wp:featuredmedia":[{"embeddable":true,"href":"https:\/\/revistazetta.com\/index.php?rest_route=\/wp\/v2\/media\/23964"}],"wp:attachment":[{"href":"https:\/\/revistazetta.com\/index.php?rest_route=%2Fwp%2Fv2%2Fmedia&parent=23963"}],"wp:term":[{"taxonomy":"category","embeddable":true,"href":"https:\/\/revistazetta.com\/index.php?rest_route=%2Fwp%2Fv2%2Fcategories&post=23963"},{"taxonomy":"post_tag","embeddable":true,"href":"https:\/\/revistazetta.com\/index.php?rest_route=%2Fwp%2Fv2%2Ftags&post=23963"}],"curies":[{"name":"wp","href":"https:\/\/api.w.org\/{rel}","templated":true}]}}