{"id":23967,"date":"2018-01-28T09:09:38","date_gmt":"2018-01-28T14:09:38","guid":{"rendered":"http:\/\/www.revistazetta.com\/?p=23967"},"modified":"2018-01-28T09:09:38","modified_gmt":"2018-01-28T14:09:38","slug":"nueva-infraestructura-ie-maria-reina-rumbo-la-educacion-cartagena","status":"publish","type":"post","link":"https:\/\/revistazetta.com\/?p=23967","title":{"rendered":"Nueva infraestructura en IE Mar\u00eda Reina es el rumbo de la Educaci\u00f3n en Cartagena"},"content":{"rendered":"<blockquote><p><strong><em>Ministra de Educaci\u00f3n dice que \u201cnecesitamos espacios dignos como este en toda Colombia\u201d<\/em><\/strong><\/p><\/blockquote>\n<p><img loading=\"lazy\" decoding=\"async\" class=\"alignright size-medium wp-image-23969\" src=\"https:\/\/www.revistazetta.com\/wp-content\/uploads\/2018\/01\/Mar\u00eda-Reina-1-300x188.jpg\" alt=\"\" width=\"300\" height=\"188\" srcset=\"https:\/\/revistazetta.com\/wp-content\/uploads\/2018\/01\/Mar\u00eda-Reina-1-300x188.jpg 300w, https:\/\/revistazetta.com\/wp-content\/uploads\/2018\/01\/Mar\u00eda-Reina-1.jpg 1024w, https:\/\/revistazetta.com\/wp-content\/uploads\/2018\/01\/Mar\u00eda-Reina-1-234x146.jpg 234w, https:\/\/revistazetta.com\/wp-content\/uploads\/2018\/01\/Mar\u00eda-Reina-1-50x31.jpg 50w, https:\/\/revistazetta.com\/wp-content\/uploads\/2018\/01\/Mar\u00eda-Reina-1-120x75.jpg 120w\" sizes=\"auto, (max-width: 300px) 100vw, 300px\" \/>El nuevo rumbo que tom\u00f3 la educaci\u00f3n en Cartagena es el de la calidad y los espacios dignos, y jam\u00e1s debe desviarse ese compromiso, asegur\u00f3 el Secretario de Educaci\u00f3n Distrital, Jaime Hern\u00e1ndez Am\u00edn.<\/p>\n<p>En la visita a las nuevas obras de la IE Mar\u00eda Reina, encabezadas por la Ministra de Educaci\u00f3n Nacional, Yaneth Giha, el funcionario expres\u00f3 que \u201ces importante reconocer que empezamos a avanzar, a recorrer un camino diferente, escuchando a los ni\u00f1os y padres de familia, que estamos trabajado por amor, la voluntad y el compromiso est\u00e1 aqu\u00ed y nunca dejaremos de escucharlos\u201d.<\/p>\n<p>La visita, cumplida este viernes, permitir\u00e1 que el\u00a0inicio de clases para los estudiantes de primaria de la instituci\u00f3n educativa Mar\u00eda Reina, en el barrio La Esperanza, sea con el estreno de esta nueva infraestructura, donde el Distrito invirti\u00f3 $1.080 millones.<\/p>\n<p>\u201cQu\u00e9 maravilla que el alcalde Sergio Londo\u00f1o y el secretario de Educaci\u00f3n Jaime Hern\u00e1ndez hayan puesto los ojos, los recursos y la tarea en sacar adelante este colegio\u201d, dijo la Ministra de Educaci\u00f3n.<\/p>\n<p><img loading=\"lazy\" decoding=\"async\" class=\"alignright size-medium wp-image-23970\" src=\"https:\/\/www.revistazetta.com\/wp-content\/uploads\/2018\/01\/Mar\u00eda-Reina-3-300x188.jpg\" alt=\"\" width=\"300\" height=\"188\" srcset=\"https:\/\/revistazetta.com\/wp-content\/uploads\/2018\/01\/Mar\u00eda-Reina-3-300x188.jpg 300w, https:\/\/revistazetta.com\/wp-content\/uploads\/2018\/01\/Mar\u00eda-Reina-3.jpg 1024w, https:\/\/revistazetta.com\/wp-content\/uploads\/2018\/01\/Mar\u00eda-Reina-3-234x146.jpg 234w, https:\/\/revistazetta.com\/wp-content\/uploads\/2018\/01\/Mar\u00eda-Reina-3-50x31.jpg 50w, https:\/\/revistazetta.com\/wp-content\/uploads\/2018\/01\/Mar\u00eda-Reina-3-120x75.jpg 120w\" sizes=\"auto, (max-width: 300px) 100vw, 300px\" \/>Al resaltar los trabajos de recuperaci\u00f3n de la instituci\u00f3n educativa, Giha dijo que \u201cno necesitamos lujos sino espacios dignos\u201d, y admiti\u00f3 que en sus recorridos por el pa\u00eds \u201cme parte el alma ver un colegio en mal estado\u201d.<\/p>\n<p>La funcionaria se\u00f1al\u00f3 que esta infraestructura es una invitaci\u00f3n a estudiar, a esforzarse m\u00e1s, luego que el secretario de Educaci\u00f3n, Jaime Hern\u00e1ndez Am\u00edn ofreciera excusas en nombre de la sociedad Cartagena a toda la infancia que tiene que encarar la educaci\u00f3n en deficientes ambientes escolares, en infraestructuras limitadas.<\/p>\n<p>\u201cOjal\u00e1 que este camino que este rumbo que estamos marcando no se desv\u00ede m\u00e1s en la historia de Cartagena, todos juntos por la educaci\u00f3n\u201d, puntualiz\u00f3 Hern\u00e1ndez Am\u00edn.<\/p>\n<p>Las obras en Mar\u00eda Reina, colegio localizado en el barrio La Esperanza, comprendieron 12 aulas de clase, un sal\u00f3n de inform\u00e1tica, biblioteca, cancha deportiva, cocina, comedor escolar y \u00e1rea administrativa.<\/p>\n<p><img loading=\"lazy\" decoding=\"async\" class=\"alignright size-medium wp-image-23971\" src=\"https:\/\/www.revistazetta.com\/wp-content\/uploads\/2018\/01\/Mar\u00eda-Reina-6-300x188.jpg\" alt=\"\" width=\"300\" height=\"188\" srcset=\"https:\/\/revistazetta.com\/wp-content\/uploads\/2018\/01\/Mar\u00eda-Reina-6-300x188.jpg 300w, https:\/\/revistazetta.com\/wp-content\/uploads\/2018\/01\/Mar\u00eda-Reina-6.jpg 1024w, https:\/\/revistazetta.com\/wp-content\/uploads\/2018\/01\/Mar\u00eda-Reina-6-234x146.jpg 234w, https:\/\/revistazetta.com\/wp-content\/uploads\/2018\/01\/Mar\u00eda-Reina-6-50x31.jpg 50w, https:\/\/revistazetta.com\/wp-content\/uploads\/2018\/01\/Mar\u00eda-Reina-6-120x75.jpg 120w\" sizes=\"auto, (max-width: 300px) 100vw, 300px\" \/>Los recursos provinieron de los ingresos corrientes del Distrito y la obra se contrat\u00f3 por licitaci\u00f3n p\u00fablica.<\/p>\n<p>Los docentes ya est\u00e1n disfrutando de las nuevas instalaciones, pues desde all\u00ed vienen preparando toda actividad para el presente a\u00f1o.<\/p>\n<p>Los alumnos ingresar\u00e1n el pr\u00f3ximo lunes a clases y disfrutar\u00e1n de una educaci\u00f3n con \u00f3ptima infraestructura.<\/p>\n<p>La comunidad educativa de Mar\u00eda Reina organiz\u00f3 un acto cultural, con expresiones de canto y baile, para celebrar los nuevos trabajos y darle la bienvenida a la Ministra de Educaci\u00f3n Nacional.<\/p>\n","protected":false},"excerpt":{"rendered":"<p>Ministra de Educaci\u00f3n dice que \u201cnecesitamos espacios dignos como este en toda Colombia\u201d El nuevo rumbo que tom\u00f3 la educaci\u00f3n en Cartagena es el de la calidad y los espacios dignos, y jam\u00e1s debe desviarse ese compromiso, asegur\u00f3 el Secretario de Educaci\u00f3n Distrital, Jaime Hern\u00e1ndez Am\u00edn. En la visita a las nuevas obras de la IE Mar\u00eda Reina, encabezadas por la Ministra de Educaci\u00f3n Nacional, Yaneth Giha, el funcionario expres\u00f3 que \u201ces importante reconocer que empezamos a avanzar, a recorrer un camino diferente, escuchando a los ni\u00f1os y padres de&#8230; <\/p>\n","protected":false},"author":3,"featured_media":23968,"comment_status":"open","ping_status":"closed","sticky":false,"template":"","format":"standard","meta":{"footnotes":"","_links_to":"","_links_to_target":""},"categories":[75,32],"tags":[],"class_list":["post-23967","post","type-post","status-publish","format-standard","has-post-thumbnail","hentry","category-destacada","category-actualidad-distrito"],"_links":{"self":[{"href":"https:\/\/revistazetta.com\/index.php?rest_route=\/wp\/v2\/posts\/23967","targetHints":{"allow":["GET"]}}],"collection":[{"href":"https:\/\/revistazetta.com\/index.php?rest_route=\/wp\/v2\/posts"}],"about":[{"href":"https:\/\/revistazetta.com\/index.php?rest_route=\/wp\/v2\/types\/post"}],"author":[{"embeddable":true,"href":"https:\/\/revistazetta.com\/index.php?rest_route=\/wp\/v2\/users\/3"}],"replies":[{"embeddable":true,"href":"https:\/\/revistazetta.com\/index.php?rest_route=%2Fwp%2Fv2%2Fcomments&post=23967"}],"version-history":[{"count":0,"href":"https:\/\/revistazetta.com\/index.php?rest_route=\/wp\/v2\/posts\/23967\/revisions"}],"wp:featuredmedia":[{"embeddable":true,"href":"https:\/\/revistazetta.com\/index.php?rest_route=\/wp\/v2\/media\/23968"}],"wp:attachment":[{"href":"https:\/\/revistazetta.com\/index.php?rest_route=%2Fwp%2Fv2%2Fmedia&parent=23967"}],"wp:term":[{"taxonomy":"category","embeddable":true,"href":"https:\/\/revistazetta.com\/index.php?rest_route=%2Fwp%2Fv2%2Fcategories&post=23967"},{"taxonomy":"post_tag","embeddable":true,"href":"https:\/\/revistazetta.com\/index.php?rest_route=%2Fwp%2Fv2%2Ftags&post=23967"}],"curies":[{"name":"wp","href":"https:\/\/api.w.org\/{rel}","templated":true}]}}