{"id":24097,"date":"2018-02-04T21:35:35","date_gmt":"2018-02-05T02:35:35","guid":{"rendered":"http:\/\/www.revistazetta.com\/?p=24097"},"modified":"2018-02-04T21:36:40","modified_gmt":"2018-02-05T02:36:40","slug":"andres-betancourt-reacciona-editorial-tiempo","status":"publish","type":"post","link":"https:\/\/revistazetta.com\/?p=24097","title":{"rendered":"Andr\u00e9s Betancourt: hay que recuperar confianza e institucionalidad"},"content":{"rendered":"<p>El ex concejal Andr\u00e9s Betancourt, quien ha anunciado su intenci\u00f3n de volver a aspirar a la Alcald\u00eda de Cartagena una vez el Gobierno nacional haga la convocatoria a elecciones at\u00edpicas, le envi\u00f3 una carta al director deEl Tiempo, Roberto Pombo, en la que se\u00f1ala que al leer el editorial del domingo 4 de febrero, le duele reconocer\u00a0\u201cque se trata de una serie de verdades que retratan de cuerpo entero la tragedia que padecemos; pero al tiempo nos hace caer en cuenta que no estamos solos y en consecuencia, que hay razones para pensar que con la articulaci\u00f3n de esfuerzos entre los sectores p\u00fablico y privado, y entre los diferentes actores de uno y otro, podremos mirar muy pronto la luz al final del t\u00fanel\u201d.<\/p>\n<p>En la carta, Andr\u00e9s Betancourt destaca que el Editorial resalte que \u00abel Distrito requiere la solidaridad de todos los estamentos de la sociedad, de sus fuerzas vivas, que son muchas y de gran val\u00eda\u00bb, pero se recalque que \u00abla primera oportunidad deben d\u00e1rsela sus propios habitantes: eligiendo bien, ejerciendo una estricta veedur\u00eda ciudadana (y) denunciando a los corruptos y avivatos\u00bb.<\/p>\n<p>Este es el texto de la carta.<\/p>\n<p>Cartagena de Indias, D.T. y C, 4 de febrero de 2018<\/p>\n<p>Doctor<\/p>\n<p>ROBERTO POMBO HOLGU\u00cdN<\/p>\n<p>Director de El Tiempo<\/p>\n<p>Bogot\u00e1 D.C.<\/p>\n<p>Respetado Se\u00f1or Director:<\/p>\n<p>He le\u00eddo con mucha atenci\u00f3n, e inmerso en una mezcla de sentimientos encontrados, el editorial &#8216;Una mano para Cartagena&#8217;, de la edici\u00f3n de El Tiempo de este domingo 4 de febrero.<\/p>\n<p>Y digo que con una mezcla de sentimientos encontrados porque me duele inmensamente, como cartagenero, reconocer que se trata de una serie de verdades que retratan de cuerpo entero la tragedia que padecemos; pero al tiempo nos hace caer en cuenta que no estamos solos y en consecuencia, que hay razones para pensar que con la articulaci\u00f3n de esfuerzos entre los sectores p\u00fablico y privado, y entre los diferentes actores de uno y otro, podremos mirar muy pronto la luz al final del t\u00fanel.<\/p>\n<p>Qu\u00e9 bien que al tiempo de mostrar varios de los hechos que muestran el tama\u00f1o de la crisis que padece nuestra ciudad, se destaque que \u00abel Distrito requiere la solidaridad de todos los estamentos de la sociedad, de sus fuerzas vivas, que son muchas y de gran val\u00eda\u00bb, pero se recalque que \u00abla primera oportunidad deben d\u00e1rsela sus propios habitantes: eligiendo bien, ejerciendo una estricta veedur\u00eda ciudadana (y) denunciando a los corruptos y avivatos\u00bb.<\/p>\n<p>Justamente, de cara a la elecci\u00f3n at\u00edpica que deber\u00e1 convocar el presidente Juan Manuel Santos en los primeros d\u00edas de este mes, hemos exhortado a la dirigencia local a dar un primer gran paso hacia el restablecimiento de nuestro tejido social y a partir de all\u00ed, hacia la restauraci\u00f3n de nuestra institucionalidad.<\/p>\n<p>Esa unidad de esfuerzos no puede ni debe ser una suma mec\u00e1nica de acciones de cara a retomar el poder, o a persistir en \u00e9l, en contrav\u00eda de los intereses generales y de espaldas a la comunidad; sino una sincera y real uni\u00f3n de voluntades para promover el desarrollo de Cartagena y el progreso de todos, absolutamente todos sus habitantes.<\/p>\n<p>No debe ser, como hemos dicho en distintos escenarios, una mera suma de fuerzas pol\u00edticas o sociales, sino una uni\u00f3n de esfuerzos basados en principios, y enmarcados en los fundamentos de un buen gobierno, alejados de todo atisbo de corrupci\u00f3n.<\/p>\n<p>Tenemos la firme esperanza y el editorial de hoy de El Tiempo nos la reafirma, de que los errores del pasado reciente no los vamos a volver a cometer.<\/p>\n<p>En efecto, lo m\u00e1s parecido a la corrupci\u00f3n es la incompetencia, y estoy convencido de que ello lo tendr\u00e1n claro los cartageneros al momento de votar por el nuevo alcalde de nuestra Distrito.<\/p>\n<p>El voto informado, que ya ha comenzado a ser promovido por diversos colectivos sociales de la Ciudad Heroica y -estoy seguro &#8211; fomentar\u00e1n tambi\u00e9n los m\u00e1s importantes medios de comunicaci\u00f3n tanto locales como nacionales, propiciar\u00e1 que los potenciales electores comprendan la importancia de elegir bien.<\/p>\n<p>Total y absolutamente de acuerdo, Se\u00f1or Director: \u00abCartagena nos necesita a todos\u00bb para salir de la crisis en que se halla inmersa.<\/p>\n<p>Y justamente para unirnos en torno a ese prop\u00f3sito colectivo es que lidero una propuesta de consenso ciudadano, soportado en principios fundamentales de eficiencia, valor p\u00fablico y de sostenibilidad,\u00a0 para llegar a la Alcald\u00eda Mayor de la Heroica, iniciando un proceso de recuperaci\u00f3n de la institucionalidad y de restablecimiento de la confianza. Con la consolidaci\u00f3n de este proyecto y con respaldos como los que representa\u00a0 su acertado editorial, ser\u00e1 posible una Cartagena entre todos.<\/p>\n<p>Atentamente,<\/p>\n<p><strong>Andr\u00e9s Betancourt Gonz\u00e1lez<\/strong><\/p>\n","protected":false},"excerpt":{"rendered":"<p>El ex concejal Andr\u00e9s Betancourt, quien ha anunciado su intenci\u00f3n de volver a aspirar a la Alcald\u00eda de Cartagena una vez el Gobierno nacional haga la convocatoria a elecciones at\u00edpicas, le envi\u00f3 una carta al director deEl Tiempo, Roberto Pombo, en la que se\u00f1ala que al leer el editorial del domingo 4 de febrero, le duele reconocer\u00a0\u201cque se trata de una serie de verdades que retratan de cuerpo entero la tragedia que padecemos; pero al tiempo nos hace caer en cuenta que no estamos solos y en consecuencia, que hay&#8230; <\/p>\n","protected":false},"author":3,"featured_media":24098,"comment_status":"open","ping_status":"closed","sticky":false,"template":"","format":"standard","meta":{"footnotes":"","_links_to":"","_links_to_target":""},"categories":[75,4],"tags":[],"class_list":["post-24097","post","type-post","status-publish","format-standard","has-post-thumbnail","hentry","category-destacada","category-politica"],"_links":{"self":[{"href":"https:\/\/revistazetta.com\/index.php?rest_route=\/wp\/v2\/posts\/24097","targetHints":{"allow":["GET"]}}],"collection":[{"href":"https:\/\/revistazetta.com\/index.php?rest_route=\/wp\/v2\/posts"}],"about":[{"href":"https:\/\/revistazetta.com\/index.php?rest_route=\/wp\/v2\/types\/post"}],"author":[{"embeddable":true,"href":"https:\/\/revistazetta.com\/index.php?rest_route=\/wp\/v2\/users\/3"}],"replies":[{"embeddable":true,"href":"https:\/\/revistazetta.com\/index.php?rest_route=%2Fwp%2Fv2%2Fcomments&post=24097"}],"version-history":[{"count":0,"href":"https:\/\/revistazetta.com\/index.php?rest_route=\/wp\/v2\/posts\/24097\/revisions"}],"wp:featuredmedia":[{"embeddable":true,"href":"https:\/\/revistazetta.com\/index.php?rest_route=\/wp\/v2\/media\/24098"}],"wp:attachment":[{"href":"https:\/\/revistazetta.com\/index.php?rest_route=%2Fwp%2Fv2%2Fmedia&parent=24097"}],"wp:term":[{"taxonomy":"category","embeddable":true,"href":"https:\/\/revistazetta.com\/index.php?rest_route=%2Fwp%2Fv2%2Fcategories&post=24097"},{"taxonomy":"post_tag","embeddable":true,"href":"https:\/\/revistazetta.com\/index.php?rest_route=%2Fwp%2Fv2%2Ftags&post=24097"}],"curies":[{"name":"wp","href":"https:\/\/api.w.org\/{rel}","templated":true}]}}