{"id":24099,"date":"2018-02-05T06:35:10","date_gmt":"2018-02-05T11:35:10","guid":{"rendered":"http:\/\/www.revistazetta.com\/?p=24099"},"modified":"2018-02-05T06:36:47","modified_gmt":"2018-02-05T11:36:47","slug":"orbita-politica-john-zamora-lunes-5-febrero-2018","status":"publish","type":"post","link":"https:\/\/revistazetta.com\/?p=24099","title":{"rendered":"\u00d3rbita Pol\u00edtica de John Zamora &#8211; Lunes 5 de febrero de 2018"},"content":{"rendered":"<p><strong>Se agota el tiempo<\/strong><\/p>\n<p>En las cuentas que se sacan desde la renuncia de Manolo Duque como alcalde de Cartagena, en un par de d\u00edas debe haber decreto de convocatoria a elecciones at\u00edpicas.<\/p>\n<p>Sin embargo, como Santos desconoci\u00f3 el No del plebiscito y ha metido tantos micos institucionales, no ser\u00e1 de extra\u00f1ar una maroma jur\u00eddica para hacerle el quite a la ley. Solo un decreto firmado, numerado y con \u201ccomun\u00edquese y c\u00famplase\u201d disipar\u00e1 cualquier dura, y dar\u00e1 el pistoletazo para que arranquen en firme las campa\u00f1as a la Alcald\u00eda.<\/p>\n<p>Tendremos como candidatos a Andr\u00e9s Betancourt, Quinto Guerra, David M\u00fanera, Claudia Fadul, C\u00e9sar Anaya, Germ\u00e1n Viana, Juan Ayala, Javier Bustillo, y uno que otro loquito \u00e1vido de pantalla.<\/p>\n<p>&nbsp;<\/p>\n<p><strong>Yamilito: titulaci\u00f3n autom\u00e1tica<\/strong><\/p>\n<p>Titulaci\u00f3n autom\u00e1tica e inmediata de viviendas construidas en tierras bald\u00edas o del Estado o en predios privados invadidos con posesi\u00f3n de por lo menos diez a\u00f1os, propuso en Cartagena el joven candidato a la C\u00e1mara de Representantes por el partido Conservador, Yamilito Arana &#8211; C101.<\/p>\n<p>Ante cientos de simpatizantes de su candidatura congregados este fin de semana en distintos sectores de la ciudad, Yamilito manifest\u00f3 su prop\u00f3sito de presentar un proyecto de ley que establezca mediante un procedimiento sumario ante Notar\u00eda este tipo de legalizaci\u00f3n y titulaci\u00f3n de viviendas, que beneficiar\u00e1 a miles de cartageneros y bolivarenses que actualmente ocupan tierras bald\u00edas o predios de invasi\u00f3n.<\/p>\n<p>\u00abUn procedimiento igual se aplica para beneficiar a los municipios respecto de las propiedades que la Naci\u00f3n tenga en sus territorios. Con esta iniciativa, contribuiremos a hacer de Bol\u00edvar y Colombia un departamento y un pa\u00eds de propietarios\u201d, sostuvo el candidato.<\/p>\n<p>&nbsp;<\/p>\n<p><strong>Garc\u00eda-Del R\u00edo en\u00a0Sur de Bol\u00edvar<\/strong><\/p>\n<p>La dupla de Andr\u00e9s Felipe Garc\u00eda al Senado y Alonso del Rio a la C\u00e1mara cumpli\u00f3 una apretada agenda proselitista en el sur de Bol\u00edvar. Santa Rosa del Sur, Simit\u00ed, San Pablo, Altos del Rosario, Regidor, R\u00edo Viejo, Tiquisio, Hatillo de Loba, San Mart\u00edn de Loba,<\/p>\n","protected":false},"excerpt":{"rendered":"<p>Se agota el tiempo En las cuentas que se sacan desde la renuncia de Manolo Duque como alcalde de Cartagena, en un par de d\u00edas debe haber decreto de convocatoria a elecciones at\u00edpicas. Sin embargo, como Santos desconoci\u00f3 el No del plebiscito y ha metido tantos micos institucionales, no ser\u00e1 de extra\u00f1ar una maroma jur\u00eddica para hacerle el quite a la ley. Solo un decreto firmado, numerado y con \u201ccomun\u00edquese y c\u00famplase\u201d disipar\u00e1 cualquier dura, y dar\u00e1 el pistoletazo para que arranquen en firme las campa\u00f1as a la Alcald\u00eda. Tendremos&#8230; <\/p>\n","protected":false},"author":3,"featured_media":24100,"comment_status":"open","ping_status":"closed","sticky":false,"template":"","format":"standard","meta":{"footnotes":"","_links_to":"","_links_to_target":""},"categories":[75,47,44,45],"tags":[],"class_list":["post-24099","post","type-post","status-publish","format-standard","has-post-thumbnail","hentry","category-destacada","category-john-zamora","category-materiagris","category-orbita"],"_links":{"self":[{"href":"https:\/\/revistazetta.com\/index.php?rest_route=\/wp\/v2\/posts\/24099","targetHints":{"allow":["GET"]}}],"collection":[{"href":"https:\/\/revistazetta.com\/index.php?rest_route=\/wp\/v2\/posts"}],"about":[{"href":"https:\/\/revistazetta.com\/index.php?rest_route=\/wp\/v2\/types\/post"}],"author":[{"embeddable":true,"href":"https:\/\/revistazetta.com\/index.php?rest_route=\/wp\/v2\/users\/3"}],"replies":[{"embeddable":true,"href":"https:\/\/revistazetta.com\/index.php?rest_route=%2Fwp%2Fv2%2Fcomments&post=24099"}],"version-history":[{"count":0,"href":"https:\/\/revistazetta.com\/index.php?rest_route=\/wp\/v2\/posts\/24099\/revisions"}],"wp:featuredmedia":[{"embeddable":true,"href":"https:\/\/revistazetta.com\/index.php?rest_route=\/wp\/v2\/media\/24100"}],"wp:attachment":[{"href":"https:\/\/revistazetta.com\/index.php?rest_route=%2Fwp%2Fv2%2Fmedia&parent=24099"}],"wp:term":[{"taxonomy":"category","embeddable":true,"href":"https:\/\/revistazetta.com\/index.php?rest_route=%2Fwp%2Fv2%2Fcategories&post=24099"},{"taxonomy":"post_tag","embeddable":true,"href":"https:\/\/revistazetta.com\/index.php?rest_route=%2Fwp%2Fv2%2Ftags&post=24099"}],"curies":[{"name":"wp","href":"https:\/\/api.w.org\/{rel}","templated":true}]}}