{"id":24271,"date":"2018-02-08T22:00:09","date_gmt":"2018-02-09T03:00:09","guid":{"rendered":"http:\/\/www.revistazetta.com\/?p=24271"},"modified":"2018-02-08T23:54:33","modified_gmt":"2018-02-09T04:54:33","slug":"recursos-asociaciones-productivas-alrededor-del-puente-yati-bodega","status":"publish","type":"post","link":"https:\/\/revistazetta.com\/?p=24271","title":{"rendered":"Recursos para asociaciones productivas alrededor del puente Yat\u00ed-Bodega"},"content":{"rendered":"<blockquote><p>&#8211;<strong>-El Gobernador de Bol\u00edvar dio a conocer que $1.000 millones son aportados por la Administraci\u00f3n Departamental, otros $9.000 millones por el Fondo de Adaptaci\u00f3n, mientras que el Sena dirigir\u00e1 las capacitaciones.<\/strong><\/p><\/blockquote>\n<p><img loading=\"lazy\" decoding=\"async\" class=\"alignright size-medium wp-image-24273\" src=\"https:\/\/www.revistazetta.com\/wp-content\/uploads\/2018\/02\/Yati-7-300x188.jpg\" alt=\"\" width=\"300\" height=\"188\" srcset=\"https:\/\/revistazetta.com\/wp-content\/uploads\/2018\/02\/Yati-7-300x188.jpg 300w, https:\/\/revistazetta.com\/wp-content\/uploads\/2018\/02\/Yati-7.jpg 1024w, https:\/\/revistazetta.com\/wp-content\/uploads\/2018\/02\/Yati-7-234x146.jpg 234w, https:\/\/revistazetta.com\/wp-content\/uploads\/2018\/02\/Yati-7-50x31.jpg 50w, https:\/\/revistazetta.com\/wp-content\/uploads\/2018\/02\/Yati-7-120x75.jpg 120w\" sizes=\"auto, (max-width: 300px) 100vw, 300px\" \/>En reuni\u00f3n realizada este jueves en la reci\u00e9n inaugurada sede del sur de la Gobernaci\u00f3n de Bol\u00edvar, en Magangu\u00e9, fueron oficializados recursos por $10.000 millones que beneficiar\u00e1n 18 asociaciones que hist\u00f3ricamente han derivado su sustento econ\u00f3mico alrededor del \u00e1rea de influencia del nuevo puente Yat\u00ed-Bodega, constituido en el m\u00e1s largo del pa\u00eds.<\/p>\n<p>El anuncio, que atiende el llamado de estas comunidades, fue hecho al t\u00e9rmino de un encuentro sostenido por los l\u00edderes de estas asociaciones con el gobernador de Bol\u00edvar, Dumek Turbay Paz; el gerente del Fondo de Adaptaci\u00f3n, Iv\u00e1n Mustaf\u00e1; y el director regional del Sena en Bol\u00edvar, Jaime Torrado.<\/p>\n<p>El Gobernador de Bol\u00edvar dio a conocer que $1.000 millones son aportados por la Administraci\u00f3n Departamental, otros $9.000 millones por el Fondo de Adaptaci\u00f3n, mientras que el Sena dirigir\u00e1 las capacitaciones.<\/p>\n<p>De estas 18 asociaciones, seg\u00fan explic\u00f3 Iv\u00e1n Mustaf\u00e1, 16 ya formularon sus proyectos productivos.<\/p>\n<p>Ser\u00e1n capacitadas en total 555 personas, que desarrollar\u00e1n 16 estos 16 proyectos productivos iniciales, de los cuales 15 son de ganader\u00eda y uno de piscicultura.<\/p>\n<p>\u201cAhora lo que se viene es una irrigaci\u00f3n de recursos y de prosperidad para las familias que est\u00e1n en el \u00e1rea de influencia del puente Yati-Bodeg\u00e1. Esta es la obra de infraestructura m\u00e1s importante para el Departamento y, como corresponde, va mucho m\u00e1s all\u00e1 del concreto. Por eso hoy estamos acompa\u00f1ando algo tan significativo con el respaldo econ\u00f3mico que tendr\u00e1n estas familias de Magangu\u00e9, Cicuco y Mompox\u201d, dijo Turbay.<\/p>\n<p><img loading=\"lazy\" decoding=\"async\" class=\"alignright size-medium wp-image-24274\" src=\"https:\/\/www.revistazetta.com\/wp-content\/uploads\/2018\/02\/Yati-6-300x188.jpg\" alt=\"\" width=\"300\" height=\"188\" srcset=\"https:\/\/revistazetta.com\/wp-content\/uploads\/2018\/02\/Yati-6-300x188.jpg 300w, https:\/\/revistazetta.com\/wp-content\/uploads\/2018\/02\/Yati-6.jpg 1024w, https:\/\/revistazetta.com\/wp-content\/uploads\/2018\/02\/Yati-6-234x146.jpg 234w, https:\/\/revistazetta.com\/wp-content\/uploads\/2018\/02\/Yati-6-50x31.jpg 50w, https:\/\/revistazetta.com\/wp-content\/uploads\/2018\/02\/Yati-6-120x75.jpg 120w\" sizes=\"auto, (max-width: 300px) 100vw, 300px\" \/><\/p>\n","protected":false},"excerpt":{"rendered":"<p>&#8211;-El Gobernador de Bol\u00edvar dio a conocer que $1.000 millones son aportados por la Administraci\u00f3n Departamental, otros $9.000 millones por el Fondo de Adaptaci\u00f3n, mientras que el Sena dirigir\u00e1 las capacitaciones. En reuni\u00f3n realizada este jueves en la reci\u00e9n inaugurada sede del sur de la Gobernaci\u00f3n de Bol\u00edvar, en Magangu\u00e9, fueron oficializados recursos por $10.000 millones que beneficiar\u00e1n 18 asociaciones que hist\u00f3ricamente han derivado su sustento econ\u00f3mico alrededor del \u00e1rea de influencia del nuevo puente Yat\u00ed-Bodega, constituido en el m\u00e1s largo del pa\u00eds. El anuncio, que atiende el llamado de&#8230; <\/p>\n","protected":false},"author":3,"featured_media":24272,"comment_status":"open","ping_status":"closed","sticky":false,"template":"","format":"standard","meta":{"footnotes":"","_links_to":"","_links_to_target":""},"categories":[80],"tags":[],"class_list":["post-24271","post","type-post","status-publish","format-standard","has-post-thumbnail","hentry","category-region"],"_links":{"self":[{"href":"https:\/\/revistazetta.com\/index.php?rest_route=\/wp\/v2\/posts\/24271","targetHints":{"allow":["GET"]}}],"collection":[{"href":"https:\/\/revistazetta.com\/index.php?rest_route=\/wp\/v2\/posts"}],"about":[{"href":"https:\/\/revistazetta.com\/index.php?rest_route=\/wp\/v2\/types\/post"}],"author":[{"embeddable":true,"href":"https:\/\/revistazetta.com\/index.php?rest_route=\/wp\/v2\/users\/3"}],"replies":[{"embeddable":true,"href":"https:\/\/revistazetta.com\/index.php?rest_route=%2Fwp%2Fv2%2Fcomments&post=24271"}],"version-history":[{"count":0,"href":"https:\/\/revistazetta.com\/index.php?rest_route=\/wp\/v2\/posts\/24271\/revisions"}],"wp:featuredmedia":[{"embeddable":true,"href":"https:\/\/revistazetta.com\/index.php?rest_route=\/wp\/v2\/media\/24272"}],"wp:attachment":[{"href":"https:\/\/revistazetta.com\/index.php?rest_route=%2Fwp%2Fv2%2Fmedia&parent=24271"}],"wp:term":[{"taxonomy":"category","embeddable":true,"href":"https:\/\/revistazetta.com\/index.php?rest_route=%2Fwp%2Fv2%2Fcategories&post=24271"},{"taxonomy":"post_tag","embeddable":true,"href":"https:\/\/revistazetta.com\/index.php?rest_route=%2Fwp%2Fv2%2Ftags&post=24271"}],"curies":[{"name":"wp","href":"https:\/\/api.w.org\/{rel}","templated":true}]}}