{"id":24279,"date":"2018-02-08T22:16:18","date_gmt":"2018-02-09T03:16:18","guid":{"rendered":"http:\/\/www.revistazetta.com\/?p=24279"},"modified":"2018-02-08T23:57:36","modified_gmt":"2018-02-09T04:57:36","slug":"dumek-entrego-via-magangue-cascajal","status":"publish","type":"post","link":"https:\/\/revistazetta.com\/?p=24279","title":{"rendered":"Dumek entreg\u00f3 v\u00eda Magangu\u00e9 &#8211; Cascajal"},"content":{"rendered":"<p><img loading=\"lazy\" decoding=\"async\" class=\"alignright size-medium wp-image-24281\" src=\"https:\/\/www.revistazetta.com\/wp-content\/uploads\/2018\/02\/Cascajal-1-300x188.jpg\" alt=\"\" width=\"300\" height=\"188\" srcset=\"https:\/\/revistazetta.com\/wp-content\/uploads\/2018\/02\/Cascajal-1-300x188.jpg 300w, https:\/\/revistazetta.com\/wp-content\/uploads\/2018\/02\/Cascajal-1.jpg 1024w, https:\/\/revistazetta.com\/wp-content\/uploads\/2018\/02\/Cascajal-1-234x146.jpg 234w, https:\/\/revistazetta.com\/wp-content\/uploads\/2018\/02\/Cascajal-1-50x31.jpg 50w, https:\/\/revistazetta.com\/wp-content\/uploads\/2018\/02\/Cascajal-1-120x75.jpg 120w\" sizes=\"auto, (max-width: 300px) 100vw, 300px\" \/>\u00ab\u00a1Ya no m\u00e1s caminos de tierra para ir al colegio! Con una ciclov\u00eda en la que participaron m\u00e1s de 70 ni\u00f1os de Instituci\u00f3n T\u00e9cnico Acu\u00edcola de Cascajal, damos por entregada oficialmente esta v\u00eda Magangu\u00e9 &#8211; Cascajal. \u00a1Avanzamos!\u00bb<\/p>\n<p>As\u00ed se refiri\u00f3 el gobernador Dumek Turbay a la\u00a0entrega oficial este jueves de la v\u00eda que comunica a Magangu\u00e9 con su corregimiento de Cascajal.<\/p>\n<p>Se trata de una v\u00eda de 3 kil\u00f3metros y 6 metros de ancho, construida en asfalto de 10 cent\u00edmetros, cuya ejecuci\u00f3n se llev\u00f3 a cabo tras una inversi\u00f3n $4. 280 millones por parte de la Gobernaci\u00f3n de Bol\u00edvar.<\/p>\n<p>Esta v\u00eda, con el fin de disminuir los \u00edndices de accidentalidad y mejorar la movilidad, fue completamente se\u00f1alizada acorde con los est\u00e1ndares de calidad y normas de tr\u00e1nsito vigentes.<\/p>\n<p>Como parte de las pol\u00edticas de la administraci\u00f3n departamental de fomentar empleos y contribuir en la superaci\u00f3n de los \u00edndices de pobreza, se generaron 30 empleos durante los 12 meses de ejecuci\u00f3n de esta obra, que beneficiar\u00e1 a m\u00e1s de 30.000 personas.<\/p>\n<p>Esta importante v\u00eda consta de un completo sistema de drenajes, compuesto por varios box coulverts en su camino, entre Magangu\u00e9 y su \u00e1rea rural de Cascajal.<\/p>\n<p>Como parte de la satisfacci\u00f3n por la entrega de esta obra, una caravana de ni\u00f1os, montados en sus bicicletas, hicieron un recorrido por esta v\u00eda.<\/p>\n<p><strong><img loading=\"lazy\" decoding=\"async\" class=\"alignright size-medium wp-image-24282\" src=\"https:\/\/www.revistazetta.com\/wp-content\/uploads\/2018\/02\/Cascajal-2-300x188.jpg\" alt=\"\" width=\"300\" height=\"188\" srcset=\"https:\/\/revistazetta.com\/wp-content\/uploads\/2018\/02\/Cascajal-2-300x188.jpg 300w, https:\/\/revistazetta.com\/wp-content\/uploads\/2018\/02\/Cascajal-2.jpg 1024w, https:\/\/revistazetta.com\/wp-content\/uploads\/2018\/02\/Cascajal-2-234x146.jpg 234w, https:\/\/revistazetta.com\/wp-content\/uploads\/2018\/02\/Cascajal-2-50x31.jpg 50w, https:\/\/revistazetta.com\/wp-content\/uploads\/2018\/02\/Cascajal-2-120x75.jpg 120w\" sizes=\"auto, (max-width: 300px) 100vw, 300px\" \/>Buenas noticas para la salud<\/strong><\/p>\n<p>Adicionalmente, el secretario de Salud de Bol\u00edvar, Luis Padilla, dio a conocer que una de las dos ambulancias que fueron entregadas hace un mes a la ESE de Magangu\u00e9 a partir de este momento deber\u00e1n estar, de manera permanente, en el corregimiento de Cascajal y as\u00ed trasladar sin contratiempos a los pacientes de urgencias hacia la cabecera.<\/p>\n<p>De igual forma, dentro de un plazo de un mes, deber\u00e1 estar en funcionamiento la sala de partos para la comunidad de Cascajal.<\/p>\n<p>&nbsp;<\/p>\n","protected":false},"excerpt":{"rendered":"<p>\u00ab\u00a1Ya no m\u00e1s caminos de tierra para ir al colegio! Con una ciclov\u00eda en la que participaron m\u00e1s de 70 ni\u00f1os de Instituci\u00f3n T\u00e9cnico Acu\u00edcola de Cascajal, damos por entregada oficialmente esta v\u00eda Magangu\u00e9 &#8211; Cascajal. \u00a1Avanzamos!\u00bb As\u00ed se refiri\u00f3 el gobernador Dumek Turbay a la\u00a0entrega oficial este jueves de la v\u00eda que comunica a Magangu\u00e9 con su corregimiento de Cascajal. Se trata de una v\u00eda de 3 kil\u00f3metros y 6 metros de ancho, construida en asfalto de 10 cent\u00edmetros, cuya ejecuci\u00f3n se llev\u00f3 a cabo tras una inversi\u00f3n $4&#8230;. <\/p>\n","protected":false},"author":3,"featured_media":24277,"comment_status":"open","ping_status":"closed","sticky":false,"template":"","format":"standard","meta":{"footnotes":"","_links_to":"","_links_to_target":""},"categories":[80,83],"tags":[],"class_list":["post-24279","post","type-post","status-publish","format-standard","has-post-thumbnail","hentry","category-region","category-municipios"],"_links":{"self":[{"href":"https:\/\/revistazetta.com\/index.php?rest_route=\/wp\/v2\/posts\/24279","targetHints":{"allow":["GET"]}}],"collection":[{"href":"https:\/\/revistazetta.com\/index.php?rest_route=\/wp\/v2\/posts"}],"about":[{"href":"https:\/\/revistazetta.com\/index.php?rest_route=\/wp\/v2\/types\/post"}],"author":[{"embeddable":true,"href":"https:\/\/revistazetta.com\/index.php?rest_route=\/wp\/v2\/users\/3"}],"replies":[{"embeddable":true,"href":"https:\/\/revistazetta.com\/index.php?rest_route=%2Fwp%2Fv2%2Fcomments&post=24279"}],"version-history":[{"count":0,"href":"https:\/\/revistazetta.com\/index.php?rest_route=\/wp\/v2\/posts\/24279\/revisions"}],"wp:featuredmedia":[{"embeddable":true,"href":"https:\/\/revistazetta.com\/index.php?rest_route=\/wp\/v2\/media\/24277"}],"wp:attachment":[{"href":"https:\/\/revistazetta.com\/index.php?rest_route=%2Fwp%2Fv2%2Fmedia&parent=24279"}],"wp:term":[{"taxonomy":"category","embeddable":true,"href":"https:\/\/revistazetta.com\/index.php?rest_route=%2Fwp%2Fv2%2Fcategories&post=24279"},{"taxonomy":"post_tag","embeddable":true,"href":"https:\/\/revistazetta.com\/index.php?rest_route=%2Fwp%2Fv2%2Ftags&post=24279"}],"curies":[{"name":"wp","href":"https:\/\/api.w.org\/{rel}","templated":true}]}}