{"id":24283,"date":"2018-02-08T22:19:04","date_gmt":"2018-02-09T03:19:04","guid":{"rendered":"http:\/\/www.revistazetta.com\/?p=24283"},"modified":"2018-02-08T22:19:04","modified_gmt":"2018-02-09T03:19:04","slug":"no-nada-zetta-ya-lo-habiamos-anticipado","status":"publish","type":"post","link":"https:\/\/revistazetta.com\/?p=24283","title":{"rendered":"No es por nada\u2026 pero \u00a1en Zetta ya lo hab\u00edamos anticipado!"},"content":{"rendered":"<p>Estamos convencidos, ahora m\u00e1s que nunca, que en el periodismo lo importantes es informar con responsabilidad\u2026 \u00a1eso de decirlo primero est\u00e1 mandado a recoger!<\/p>\n<p>Pero a veces ese sentido de la primicia es denotativo del buen camino por el que se transita.<\/p>\n<p>Para mencionar solo dos episodios recientes, en Revista Zetta fuimos los primeros en pedirle al alcalde Manolo Duque que renunciara, como en efecto sucedi\u00f3 meses despu\u00e9s.<\/p>\n<p>El 16 de enero de 2018, publicamos un an\u00e1lisis de nuestro director John Zamora, titulado \u201cEn sus marcas\u201d, en el que el subt\u00edtulo era: \u201c\u2026 ya viene el 15 de abril\u201d, y all\u00ed escribimos: \u201cTodo parece indicar que el \u201cD\u00eda D\u201d ser\u00e1 el domingo 15 de abril. Es decir, las elecciones para alcalde de Cartagena ser\u00e1n \u201csandwich\u201d entre las de Congreso (marzo) y presidenciales (mayo y junio)\u2026\u201d<\/p>\n<p>Pues bien. El gobierno nacional ha confirmado que el 15 de abril ser\u00e1 la fecha para la elecci\u00f3n del nuevo alcalde de Cartagena.<\/p>\n<p>Moraleja: a seguir en sinton\u00eda del sistema informativo de Revista Zetta en nuestra p\u00e1gina <a href=\"https:\/\/www.revistazetta.com\">www.revistazetta.com<\/a> y en nuestras redes sociales:<\/p>\n<p>Twitter\u00a0<a href=\"https:\/\/twitter.com\/revistazetta\" target=\"_blank\" rel=\"noopener\">@RevistaZetta<\/a><br \/>\nInstagram\u00a0<a href=\"https:\/\/www.instagram.com\/revista.zetta\/\" target=\"_blank\" rel=\"noopener\">Revista Zetta<\/a><br \/>\nFacebook\u00a0<a href=\"https:\/\/www.facebook.com\/RevistaZetta\" target=\"_blank\" rel=\"noopener\">RevistaZetta<\/a><br \/>\nYoutube\u00a0<a href=\"https:\/\/www.youtube.com\/channel\/UCSeC21IFE40n1fNNhs0KlCw\" target=\"_blank\" rel=\"noopener\">Revista Zetta<\/a><\/p>\n<p>Lea aqu\u00ed el an\u00e1lisis del 16 de enero: <a href=\"https:\/\/www.revistazetta.com\/?p=23778\">https:\/\/www.revistazetta.com\/?p=23778<\/a><\/p>\n<p><strong>An\u00e1lisis de John Zamora (Director Revista Zetta).-\u00a0<\/strong>Como los lentes de una c\u00e1mara cuando lentamente enfocan, as\u00ed comienza a verse el panorama pol\u00edtico inmediato para Cartagena. A pesar de la deliberada lentitud del gobierno nacional para convocar a elecciones tras la renuncia del alcalde Manolo Duque, no queda otra opci\u00f3n que hacerle caso a la ley, as\u00ed el presidente Santos espere hasta el \u00faltimo segundo del t\u00e9rmino para hacerlo.<\/p>\n<p>El 7 de febrero sabremos la fecha para ir a las urnas, y todo parece indicar que el \u201cD\u00eda D\u201d ser\u00e1 el domingo 15 de abril. Es decir, las elecciones para alcalde de Cartagena ser\u00e1n \u201csandwich\u201d entre las de Congreso (marzo) y presidenciales (mayo y junio).<\/p>\n<p>De entrada atisbo dos candidaturas fuertes, una con br\u00edos para crecer y otras de variopinto pelaje.<\/p>\n<p>Los fuertes son Andr\u00e9s Betancourt y Quinto Guerra, as\u00ed de claro. Tienen la estatura pol\u00edtica, los medios y la plataforma para hacer campa\u00f1a. Fueron los candidatos que, junto con Manolo, eclipsaron la atenci\u00f3n. Son los que tienen su nombre posicionado, los m\u00e1s conocidos como aspirantes a la Alcald\u00eda.<\/p>\n<p>La candidatura con br\u00edos para crecer es la de David M\u00fanera, quien emerge como alternativa y a quien se le reconoce por su combatividad ideol\u00f3gica, y sus posturas claras, sin ambages.<\/p>\n<p>De ah\u00ed en adelante habr\u00e1 aspirantes pero de incierta probabilidad para disputar el trofeo mayor.<\/p>\n<p>El m\u00e1s activo es C\u00e9sar Anaya, quien pasa metido en los barrios. No obstante, su costumbre de abdicar a favor del favorito de turno, tiene minada la confianza que pueda despertar.<\/p>\n<p>El exrepresentante Germ\u00e1n Viana Guerrero tambi\u00e9n se ha movido para encontrar apoyo, y ahora que se vuelve a agitar el cutarro, seguro volver\u00e1 a formular planteamientos.<\/p>\n<p>Juan Carlos Ayala son\u00f3 como candidato de la iglesia R\u00edos de Vida, del pastor Miguel Arr\u00e1zola, y puede que tenga reconocimiento interno, pero fuera de esa esfera religiosa, poco o nada dice.<\/p>\n<p>En el momento de la renuncia de Manolo se cont\u00f3 una veintena de nombres. De seguro volver\u00e1n a la palestra muchos de ellos, y surgir\u00e1n otros tantos. Es la democracia.<\/p>\n","protected":false},"excerpt":{"rendered":"<p>Estamos convencidos, ahora m\u00e1s que nunca, que en el periodismo lo importantes es informar con responsabilidad\u2026 \u00a1eso de decirlo primero est\u00e1 mandado a recoger! Pero a veces ese sentido de la primicia es denotativo del buen camino por el que se transita. Para mencionar solo dos episodios recientes, en Revista Zetta fuimos los primeros en pedirle al alcalde Manolo Duque que renunciara, como en efecto sucedi\u00f3 meses despu\u00e9s. El 16 de enero de 2018, publicamos un an\u00e1lisis de nuestro director John Zamora, titulado \u201cEn sus marcas\u201d, en el que el&#8230; <\/p>\n","protected":false},"author":3,"featured_media":24255,"comment_status":"open","ping_status":"closed","sticky":false,"template":"","format":"standard","meta":{"footnotes":"","_links_to":"","_links_to_target":""},"categories":[2,75],"tags":[],"class_list":["post-24283","post","type-post","status-publish","format-standard","has-post-thumbnail","hentry","category-actualidad","category-destacada"],"_links":{"self":[{"href":"https:\/\/revistazetta.com\/index.php?rest_route=\/wp\/v2\/posts\/24283","targetHints":{"allow":["GET"]}}],"collection":[{"href":"https:\/\/revistazetta.com\/index.php?rest_route=\/wp\/v2\/posts"}],"about":[{"href":"https:\/\/revistazetta.com\/index.php?rest_route=\/wp\/v2\/types\/post"}],"author":[{"embeddable":true,"href":"https:\/\/revistazetta.com\/index.php?rest_route=\/wp\/v2\/users\/3"}],"replies":[{"embeddable":true,"href":"https:\/\/revistazetta.com\/index.php?rest_route=%2Fwp%2Fv2%2Fcomments&post=24283"}],"version-history":[{"count":0,"href":"https:\/\/revistazetta.com\/index.php?rest_route=\/wp\/v2\/posts\/24283\/revisions"}],"wp:featuredmedia":[{"embeddable":true,"href":"https:\/\/revistazetta.com\/index.php?rest_route=\/wp\/v2\/media\/24255"}],"wp:attachment":[{"href":"https:\/\/revistazetta.com\/index.php?rest_route=%2Fwp%2Fv2%2Fmedia&parent=24283"}],"wp:term":[{"taxonomy":"category","embeddable":true,"href":"https:\/\/revistazetta.com\/index.php?rest_route=%2Fwp%2Fv2%2Fcategories&post=24283"},{"taxonomy":"post_tag","embeddable":true,"href":"https:\/\/revistazetta.com\/index.php?rest_route=%2Fwp%2Fv2%2Ftags&post=24283"}],"curies":[{"name":"wp","href":"https:\/\/api.w.org\/{rel}","templated":true}]}}