{"id":24328,"date":"2018-02-11T21:08:36","date_gmt":"2018-02-12T02:08:36","guid":{"rendered":"http:\/\/www.revistazetta.com\/?p=24328"},"modified":"2018-02-11T21:08:36","modified_gmt":"2018-02-12T02:08:36","slug":"castella-tambien-manda-la-santamaria-bogota","status":"publish","type":"post","link":"https:\/\/revistazetta.com\/?p=24328","title":{"rendered":"Castella tambi\u00e9n manda en la Santamar\u00eda de Bogot\u00e1"},"content":{"rendered":"<p class=\"p1\">Un quite por chicuelinas fue lo m\u00e1s destacable de Castella con el capote frente al primero de la tarde. El toro tardaba en acometer y a la muleta lleg\u00f3 transmitiendo muy poco y aunque las series no fueron muy ligadas, fue sobresaliente la actitud del torero que termin\u00f3 sometiendo al animal. Unanimidad en el p\u00fablico con un largo y lento derechazo que defini\u00f3 la contundencia de la faena y la actuaci\u00f3n compacta de Castella. Estocada trasera y tendida de lento efecto. Fall\u00f3 con el descabello una vez antes de que el toro doblara. Leves pitos en el arrastre.<\/p>\n<p class=\"p1\">Rams\u00e9s se fractur\u00f3 una mano al recibir en el tercio con una larga cambiada de rodillas al segundo de la tarde. Queda en mano a mano la corrida y es Castella quien se hizo cargo de la lidia de este toro. Al ralent\u00ed, as\u00ed fueron los mejores pasajes de una faena asentada y con reposo y en la que Castella brill\u00f3 al natural. Puso m\u00e1s el torero que el toro y alarg\u00f3 el brazo hasta la hondura que le permiti\u00f3 cada trazo. El p\u00fablico, en pie para ovacionar la solvencia del franc\u00e9s que nuevamente cuaj\u00f3 una faena de peso, premiada con una oreja, que pudieron ser dos de no haber tardado tanto la igualada del toro antes de la buena estocada.<\/p>\n<p class=\"p1\">El tercero se parti\u00f3 el pit\u00f3n izquierdo saliendo del toril y fue devuelto. Sali\u00f3 el sobrero del mismo hierro al que recibi\u00f3 a la ver\u00f3nica Garrido muy templado y a pies juntos, con mucha clase. El toro fue un compendio de defectos y Garrido se qued\u00f3 sin opci\u00f3n, lo intent\u00f3 a diferentes alturas sin conseguir la embestida del toro. Un sector del p\u00fablico lo interpret\u00f3 diferente y recrimin\u00f3 al torero. La estocada fulmin\u00f3 al toro.<\/p>\n<p class=\"p1\">Muy bien manej\u00f3 el capote Jos\u00e9 Garrido frente al cuarto. Fue jaleado en un quite por chicuelinas muy ajustadas, que remat\u00f3 con media de rodillas. Saludaron Jaime Devia e Ignacio P\u00e1ez. La faena tuvo virtudes especialmente cuando tore\u00f3 al natural, tambi\u00e9n altibajos cuando cerrado en tablas el torero se puso por encima de las condiciones del toro, que fue a menos y apunt\u00f3 rajarse. Largo trasteo, con el que el p\u00fablico estuvo a gusto. Un pinchazo hondo, media espada y un descabello redujeron el premio a un saludo desde el tercio.<\/p>\n<p class=\"p1\">Saludaron en banderillas frente al sexto Ricardo Santana y Hernando Franco. El sexto nunca embisti\u00f3 con clase, adem\u00e1s no tuvo fondo. Garrido lo intent\u00f3 con el p\u00fablico en contra. Tres pinchazos antes de dejar medio espadazo y dos intentos de descabello.<\/p>\n<p class=\"p1\">Sebasti\u00e1n Castella dej\u00f3 algunos detalles con el capote, descifrando al quinto toro. Con la muleta estuvo muy firme el torero, que inici\u00f3 con un cambiado de cartel y en adelante todo fue virtud: los tiempos, el temple y la capacidad ante un toro que no lo puso f\u00e1cil, aunque Castella lo hizo ver f\u00e1cil. Imponente y pleno de condiciones puso de acuerdo a la Santamar\u00eda, y si con la muleta hab\u00eda prodigado un faen\u00f3n, con la espada lo rubric\u00f3. Dos orejas de triunfo incontestable.<\/p>\n<p class=\"p2\"><strong>Bogot\u00e1 (Colombia),<\/strong> domingo 11 de febrero de 2018. Feria de la Libertad. Toros de <strong>Ernesto Guti\u00e9rrez, <\/strong>justos de presentaci\u00f3n y fuerza, de juego variado. <strong>Sebasti\u00e1n Castella<\/strong>, silencio, oreja en el que mat\u00f3 por Rams\u00e9s y dos orejas; <strong>Rams\u00e9s<\/strong>, herido; y <strong>Jos\u00e9 Garrido, <\/strong>silencio, ovaci\u00f3n con saludos y silencio tras aviso. <strong>Entrada<\/strong>: M\u00e1s de media plaza.<\/p>\n","protected":false},"excerpt":{"rendered":"<p>Un quite por chicuelinas fue lo m\u00e1s destacable de Castella con el capote frente al primero de la tarde. El toro tardaba en acometer y a la muleta lleg\u00f3 transmitiendo muy poco y aunque las series no fueron muy ligadas, fue sobresaliente la actitud del torero que termin\u00f3 sometiendo al animal. Unanimidad en el p\u00fablico con un largo y lento derechazo que defini\u00f3 la contundencia de la faena y la actuaci\u00f3n compacta de Castella. Estocada trasera y tendida de lento efecto. Fall\u00f3 con el descabello una vez antes de que&#8230; <\/p>\n","protected":false},"author":3,"featured_media":24329,"comment_status":"open","ping_status":"closed","sticky":false,"template":"","format":"standard","meta":{"footnotes":"","_links_to":"","_links_to_target":""},"categories":[41,42],"tags":[],"class_list":["post-24328","post","type-post","status-publish","format-standard","has-post-thumbnail","hentry","category-cultura","category-cultura-toros"],"_links":{"self":[{"href":"https:\/\/revistazetta.com\/index.php?rest_route=\/wp\/v2\/posts\/24328","targetHints":{"allow":["GET"]}}],"collection":[{"href":"https:\/\/revistazetta.com\/index.php?rest_route=\/wp\/v2\/posts"}],"about":[{"href":"https:\/\/revistazetta.com\/index.php?rest_route=\/wp\/v2\/types\/post"}],"author":[{"embeddable":true,"href":"https:\/\/revistazetta.com\/index.php?rest_route=\/wp\/v2\/users\/3"}],"replies":[{"embeddable":true,"href":"https:\/\/revistazetta.com\/index.php?rest_route=%2Fwp%2Fv2%2Fcomments&post=24328"}],"version-history":[{"count":0,"href":"https:\/\/revistazetta.com\/index.php?rest_route=\/wp\/v2\/posts\/24328\/revisions"}],"wp:featuredmedia":[{"embeddable":true,"href":"https:\/\/revistazetta.com\/index.php?rest_route=\/wp\/v2\/media\/24329"}],"wp:attachment":[{"href":"https:\/\/revistazetta.com\/index.php?rest_route=%2Fwp%2Fv2%2Fmedia&parent=24328"}],"wp:term":[{"taxonomy":"category","embeddable":true,"href":"https:\/\/revistazetta.com\/index.php?rest_route=%2Fwp%2Fv2%2Fcategories&post=24328"},{"taxonomy":"post_tag","embeddable":true,"href":"https:\/\/revistazetta.com\/index.php?rest_route=%2Fwp%2Fv2%2Ftags&post=24328"}],"curies":[{"name":"wp","href":"https:\/\/api.w.org\/{rel}","templated":true}]}}