{"id":24337,"date":"2018-02-12T06:21:04","date_gmt":"2018-02-12T11:21:04","guid":{"rendered":"http:\/\/www.revistazetta.com\/?p=24337"},"modified":"2018-02-12T07:17:56","modified_gmt":"2018-02-12T12:17:56","slug":"jorge-benedetti-intensifica-campana-los-barrios-cartagena-mes-las-elecciones","status":"publish","type":"post","link":"https:\/\/revistazetta.com\/?p=24337","title":{"rendered":"Jorge Benedetti intensifica su campa\u00f1a en los barrios de Cartagena a un mes de las elecciones"},"content":{"rendered":"<p>A un mes de celebrarse las elecciones a Congreso, el candidato de las Juventudes Bolivarenses, Jorge Benedetti, quien aspira a la C\u00e1mara de Representantes por Cambio Radical con el n\u00famero 102 en el tarjet\u00f3n, intensific\u00f3 su campa\u00f1a en los barrios y corregimientos de Cartagena.<\/p>\n<p>\u00abDesde hace una semana estamos de lleno en los barrios, dialogando con la gente, cont\u00e1ndoles nuestro proyecto de recuperar Bol\u00edvar e invit\u00e1ndolos a que se unan a este movimiento decente, donde estamos haciendo la verdadera pol\u00edtica, la de las ideas\u00bb, expres\u00f3 Jorge Benedetti.<\/p>\n<p>La toma masiva a los barrios se inici\u00f3 en la Localidad de la Virgen y Tur\u00edstica, donde se ha logrado consolidar el respaldo de los habitantes de los barrios El Poz\u00f3n en m\u00e1s de 7 sectores, Olaya Herrera, Los Alpes, Chiquinquir\u00e1, Villa Estrella, Torices, la Candelaria, La Esperanza, las Gaviotas, Las Palmeras, entre otros.<\/p>\n<p>Para el candidato a la C\u00e1mara por Bol\u00edvar, la acogida de la ciudadan\u00eda ha sido crucial para el fortalecimiento de su candidatura, \u00abla gente est\u00e1 entendiendo que se necesita un cambio en la forma de hacer pol\u00edtica y ven en la actual coyuntura una oportunidad para dar el primer paso\u00bb.<\/p>\n<p>Desde esta semana Benedetti\u00a0 en compa\u00f1\u00eda de su grupo de voluntarios se estar\u00e1n tomando las localidades uno y tres,\u00a0 y los corregimientos de la zona norte, con el objetivo de afianzar el apoyo de gente en esas zonas.<\/p>\n<p>Cada semana se suman a este proyecto cerca de 100 voluntarios, entre j\u00f3venes y adultos, personas que quieren recuperar la ciudad y el departamento.<\/p>\n<p>&nbsp;<\/p>\n","protected":false},"excerpt":{"rendered":"<p>A un mes de celebrarse las elecciones a Congreso, el candidato de las Juventudes Bolivarenses, Jorge Benedetti, quien aspira a la C\u00e1mara de Representantes por Cambio Radical con el n\u00famero 102 en el tarjet\u00f3n, intensific\u00f3 su campa\u00f1a en los barrios y corregimientos de Cartagena. \u00abDesde hace una semana estamos de lleno en los barrios, dialogando con la gente, cont\u00e1ndoles nuestro proyecto de recuperar Bol\u00edvar e invit\u00e1ndolos a que se unan a este movimiento decente, donde estamos haciendo la verdadera pol\u00edtica, la de las ideas\u00bb, expres\u00f3 Jorge Benedetti. La toma masiva&#8230; <\/p>\n","protected":false},"author":3,"featured_media":24335,"comment_status":"open","ping_status":"closed","sticky":false,"template":"","format":"standard","meta":{"footnotes":"","_links_to":"","_links_to_target":""},"categories":[75,4],"tags":[],"class_list":["post-24337","post","type-post","status-publish","format-standard","has-post-thumbnail","hentry","category-destacada","category-politica"],"_links":{"self":[{"href":"https:\/\/revistazetta.com\/index.php?rest_route=\/wp\/v2\/posts\/24337","targetHints":{"allow":["GET"]}}],"collection":[{"href":"https:\/\/revistazetta.com\/index.php?rest_route=\/wp\/v2\/posts"}],"about":[{"href":"https:\/\/revistazetta.com\/index.php?rest_route=\/wp\/v2\/types\/post"}],"author":[{"embeddable":true,"href":"https:\/\/revistazetta.com\/index.php?rest_route=\/wp\/v2\/users\/3"}],"replies":[{"embeddable":true,"href":"https:\/\/revistazetta.com\/index.php?rest_route=%2Fwp%2Fv2%2Fcomments&post=24337"}],"version-history":[{"count":0,"href":"https:\/\/revistazetta.com\/index.php?rest_route=\/wp\/v2\/posts\/24337\/revisions"}],"wp:featuredmedia":[{"embeddable":true,"href":"https:\/\/revistazetta.com\/index.php?rest_route=\/wp\/v2\/media\/24335"}],"wp:attachment":[{"href":"https:\/\/revistazetta.com\/index.php?rest_route=%2Fwp%2Fv2%2Fmedia&parent=24337"}],"wp:term":[{"taxonomy":"category","embeddable":true,"href":"https:\/\/revistazetta.com\/index.php?rest_route=%2Fwp%2Fv2%2Fcategories&post=24337"},{"taxonomy":"post_tag","embeddable":true,"href":"https:\/\/revistazetta.com\/index.php?rest_route=%2Fwp%2Fv2%2Ftags&post=24337"}],"curies":[{"name":"wp","href":"https:\/\/api.w.org\/{rel}","templated":true}]}}