{"id":24338,"date":"2018-02-12T06:24:10","date_gmt":"2018-02-12T11:24:10","guid":{"rendered":"http:\/\/www.revistazetta.com\/?p=24338"},"modified":"2018-02-12T07:20:23","modified_gmt":"2018-02-12T12:20:23","slug":"padaui-se-rodea-seguir-cumpliendole-bolivar","status":"publish","type":"post","link":"https:\/\/revistazetta.com\/?p=24338","title":{"rendered":"Padau\u00ed se rodea para seguir cumpli\u00e9ndole a Bol\u00edvar"},"content":{"rendered":"<p>Una vertiginosa agenda de visitas en el norte de Bol\u00edvar cumpli\u00f3 este fin de semana el representante a la C\u00e1mara Hernando Padau\u00ed \u00c1lvarez, quien aspira a la reelecci\u00f3n con el n\u00famero 101 en el tarjet\u00f3n.<\/p>\n<p>En Turbaco, Arjona, La Boquilla y Cartagena fueron puntos donde Padau\u00ed rindi\u00f3 cuentas de su gesti\u00f3n y se\u00f1al\u00f3 que su nueva candidatura es para seguir haciendo la tarea por Bol\u00edvar.<\/p>\n<p>En Cartagena destac\u00f3 el encuentro que tuvo con el exgobernador Juan Carlos Gossa\u00edn, en un saludo que qued\u00f3 registrado en Instagram, acompa\u00f1ado de Jorge Gossa\u00edn y Ricardo Am\u00edn Jattin.<\/p>\n<p>En su cuenta de Instagram, Padau\u00ed escribi\u00f3: \u00abAmigos de siempre&#8230; de toda la vida y para siempre. Hermanos de todos los tiempos. orgulloso de ser gossainista 100%\u00bb.<\/p>\n<p>En una de las reuniones m\u00e1s concurridas, el candidato Hernando Padau\u00ed \u00c1lvarez se reuni\u00f3 con arjoneros, donde la comunidad manifest\u00f3 que la inequidad y las desigualdades sociales siguen siendo la preocupaci\u00f3n principal de los bolivarenses, situaci\u00f3n que tambi\u00e9n le inquieta.<\/p>\n<p>El representante y candidato a reelecci\u00f3n declar\u00f3 que \u00abhoy el Estado a\u00fan tiene esa gran deuda con todos los colombianos para seguir cerrando esa brecha de la inequidad.\u201d Y a su vez se present\u00f3 ante la comunidad de Arjona \u201cpara pedir nos sigan apoyando y seguir haciendo la tarea en beneficio de las comunidades\u00bb.<\/p>\n<p>Los l\u00edderes del municipio le reiteraron su apoyo por ser un hombre visible, sincero y por cumplirle siempre a la comunidad.<\/p>\n<p>En esa reuni\u00f3n, el exdiputado Jes\u00fas Payares expres\u00f3 que \u201clo fundamental es que este 11 de marzo nos convirtamos en agente multiplicador para que Nando Padau\u00ed llegue a la C\u00e1mara de Representantes\u201d<\/p>\n<p>En el transcurso del encuentro el candidato les record\u00f3 a los l\u00edderes que se deben retomar las buenas pr\u00e1cticas de hacer la pol\u00edtica y que se deben pedir las obras y servicios en favor de toda la comunidad \u201cgracias a eso tenemos presencia concreta y por eso a\u00fan nos siguen a todos los que hacemos la tarea de esa manera.\u201d.<\/p>\n<p>Por \u00faltimo, Padau\u00ed agradeci\u00f3 a todos los asistentes del grupo de Jes\u00fas Payares y Orieta V\u00e1squez su respaldo a la campa\u00f1a y afirm\u00f3 que \u201ca la hora de hacer el examen y rendirles cuentas, puedo decirles con total seguridad y confianza que, de los 46 municipios de Bol\u00edvar, hemos podido llevar proyectos de inversi\u00f3n en m\u00e1s de 35 municipios del departamento, y estoy seguro que con su apoyo y su voto seguir\u00e9 haciendo la tarea para lograr m\u00e1s obras\u00bb, dijo, y puntualiz\u00f3: \u201cPor ustedes \u00a1seguimos haciendo la tarea!\u201d<\/p>\n","protected":false},"excerpt":{"rendered":"<p>Una vertiginosa agenda de visitas en el norte de Bol\u00edvar cumpli\u00f3 este fin de semana el representante a la C\u00e1mara Hernando Padau\u00ed \u00c1lvarez, quien aspira a la reelecci\u00f3n con el n\u00famero 101 en el tarjet\u00f3n. En Turbaco, Arjona, La Boquilla y Cartagena fueron puntos donde Padau\u00ed rindi\u00f3 cuentas de su gesti\u00f3n y se\u00f1al\u00f3 que su nueva candidatura es para seguir haciendo la tarea por Bol\u00edvar. En Cartagena destac\u00f3 el encuentro que tuvo con el exgobernador Juan Carlos Gossa\u00edn, en un saludo que qued\u00f3 registrado en Instagram, acompa\u00f1ado de Jorge Gossa\u00edn&#8230; <\/p>\n","protected":false},"author":3,"featured_media":24348,"comment_status":"open","ping_status":"closed","sticky":false,"template":"","format":"standard","meta":{"footnotes":"","_links_to":"","_links_to_target":""},"categories":[75,4],"tags":[],"class_list":["post-24338","post","type-post","status-publish","format-standard","has-post-thumbnail","hentry","category-destacada","category-politica"],"_links":{"self":[{"href":"https:\/\/revistazetta.com\/index.php?rest_route=\/wp\/v2\/posts\/24338","targetHints":{"allow":["GET"]}}],"collection":[{"href":"https:\/\/revistazetta.com\/index.php?rest_route=\/wp\/v2\/posts"}],"about":[{"href":"https:\/\/revistazetta.com\/index.php?rest_route=\/wp\/v2\/types\/post"}],"author":[{"embeddable":true,"href":"https:\/\/revistazetta.com\/index.php?rest_route=\/wp\/v2\/users\/3"}],"replies":[{"embeddable":true,"href":"https:\/\/revistazetta.com\/index.php?rest_route=%2Fwp%2Fv2%2Fcomments&post=24338"}],"version-history":[{"count":0,"href":"https:\/\/revistazetta.com\/index.php?rest_route=\/wp\/v2\/posts\/24338\/revisions"}],"wp:featuredmedia":[{"embeddable":true,"href":"https:\/\/revistazetta.com\/index.php?rest_route=\/wp\/v2\/media\/24348"}],"wp:attachment":[{"href":"https:\/\/revistazetta.com\/index.php?rest_route=%2Fwp%2Fv2%2Fmedia&parent=24338"}],"wp:term":[{"taxonomy":"category","embeddable":true,"href":"https:\/\/revistazetta.com\/index.php?rest_route=%2Fwp%2Fv2%2Fcategories&post=24338"},{"taxonomy":"post_tag","embeddable":true,"href":"https:\/\/revistazetta.com\/index.php?rest_route=%2Fwp%2Fv2%2Ftags&post=24338"}],"curies":[{"name":"wp","href":"https:\/\/api.w.org\/{rel}","templated":true}]}}