{"id":24420,"date":"2018-02-20T06:20:35","date_gmt":"2018-02-20T11:20:35","guid":{"rendered":"http:\/\/www.revistazetta.com\/?p=24420"},"modified":"2018-02-20T06:20:35","modified_gmt":"2018-02-20T11:20:35","slug":"se-acaban-barro-polvareda-cancha-alameda","status":"publish","type":"post","link":"https:\/\/revistazetta.com\/?p=24420","title":{"rendered":"Se acaban barro y polvareda en cancha de Alameda"},"content":{"rendered":"<p><img loading=\"lazy\" decoding=\"async\" class=\"alignright size-medium wp-image-24417\" src=\"https:\/\/www.revistazetta.com\/wp-content\/uploads\/2018\/02\/Alameda-2-300x188.jpg\" alt=\"\" width=\"300\" height=\"188\" srcset=\"https:\/\/revistazetta.com\/wp-content\/uploads\/2018\/02\/Alameda-2-300x188.jpg 300w, https:\/\/revistazetta.com\/wp-content\/uploads\/2018\/02\/Alameda-2.jpg 1024w, https:\/\/revistazetta.com\/wp-content\/uploads\/2018\/02\/Alameda-2-234x146.jpg 234w, https:\/\/revistazetta.com\/wp-content\/uploads\/2018\/02\/Alameda-2-50x31.jpg 50w, https:\/\/revistazetta.com\/wp-content\/uploads\/2018\/02\/Alameda-2-120x75.jpg 120w\" sizes=\"auto, (max-width: 300px) 100vw, 300px\" \/>El 21 de diciembre de 2018 ser\u00e1 inaugurado el nuevo complejo deportivo de Alameda La Victoria, en el lugar que ocupa la tradicional cancha de ese barrio, templo del f\u00fatbol menor de Cartagena, quedando atr\u00e1s el barrial de la \u00e9poca de lluvia, y la polvareda del verano.<\/p>\n<p>\u201cLa idea es que este sea el gran aguinaldo para Cartagena y la fecha de entrega que hemos dispuesto sea el 21 de diciembre, as\u00ed que en las reglas del contrato est\u00e1 planteado, que quien quiera hacer la obra tiene que entregarla ese d\u00eda\u201d, afirm\u00f3 el gobernador de Bol\u00edvar, Dumek Turbay.<\/p>\n<p>En el escenario se invertir\u00e1n $8 mil millones por parte de la Gobernaci\u00f3n de Bol\u00edvar, y tendr\u00e1 tres canchas, iluminaci\u00f3n, cerramiento, senderos peatonales, zonas biosaludables, y zonas comerciales.<\/p>\n<p>\u201cLa administraci\u00f3n ser\u00e1 igual, con la Junta de Acci\u00f3n comunal y la Liga de F\u00fatbol de Bol\u00edvar. La condici\u00f3n es que el uso de la cancha no se cobra\u201d, advirti\u00f3 Turbay.<\/p>\n","protected":false},"excerpt":{"rendered":"<p>El 21 de diciembre de 2018 ser\u00e1 inaugurado el nuevo complejo deportivo de Alameda La Victoria, en el lugar que ocupa la tradicional cancha de ese barrio, templo del f\u00fatbol menor de Cartagena, quedando atr\u00e1s el barrial de la \u00e9poca de lluvia, y la polvareda del verano. \u201cLa idea es que este sea el gran aguinaldo para Cartagena y la fecha de entrega que hemos dispuesto sea el 21 de diciembre, as\u00ed que en las reglas del contrato est\u00e1 planteado, que quien quiera hacer la obra tiene que entregarla ese&#8230; <\/p>\n","protected":false},"author":3,"featured_media":24416,"comment_status":"open","ping_status":"closed","sticky":false,"template":"","format":"standard","meta":{"footnotes":"","_links_to":"","_links_to_target":""},"categories":[53,75,54],"tags":[],"class_list":["post-24420","post","type-post","status-publish","format-standard","has-post-thumbnail","hentry","category-deportes","category-destacada","category-futbol"],"_links":{"self":[{"href":"https:\/\/revistazetta.com\/index.php?rest_route=\/wp\/v2\/posts\/24420","targetHints":{"allow":["GET"]}}],"collection":[{"href":"https:\/\/revistazetta.com\/index.php?rest_route=\/wp\/v2\/posts"}],"about":[{"href":"https:\/\/revistazetta.com\/index.php?rest_route=\/wp\/v2\/types\/post"}],"author":[{"embeddable":true,"href":"https:\/\/revistazetta.com\/index.php?rest_route=\/wp\/v2\/users\/3"}],"replies":[{"embeddable":true,"href":"https:\/\/revistazetta.com\/index.php?rest_route=%2Fwp%2Fv2%2Fcomments&post=24420"}],"version-history":[{"count":0,"href":"https:\/\/revistazetta.com\/index.php?rest_route=\/wp\/v2\/posts\/24420\/revisions"}],"wp:featuredmedia":[{"embeddable":true,"href":"https:\/\/revistazetta.com\/index.php?rest_route=\/wp\/v2\/media\/24416"}],"wp:attachment":[{"href":"https:\/\/revistazetta.com\/index.php?rest_route=%2Fwp%2Fv2%2Fmedia&parent=24420"}],"wp:term":[{"taxonomy":"category","embeddable":true,"href":"https:\/\/revistazetta.com\/index.php?rest_route=%2Fwp%2Fv2%2Fcategories&post=24420"},{"taxonomy":"post_tag","embeddable":true,"href":"https:\/\/revistazetta.com\/index.php?rest_route=%2Fwp%2Fv2%2Ftags&post=24420"}],"curies":[{"name":"wp","href":"https:\/\/api.w.org\/{rel}","templated":true}]}}