{"id":24422,"date":"2018-02-20T06:32:17","date_gmt":"2018-02-20T11:32:17","guid":{"rendered":"http:\/\/www.revistazetta.com\/?p=24422"},"modified":"2018-02-20T06:32:17","modified_gmt":"2018-02-20T11:32:17","slug":"nadia-blel-intensa-campana-caribe-pacifico","status":"publish","type":"post","link":"https:\/\/revistazetta.com\/?p=24422","title":{"rendered":"Nadia Blel, en intensa campa\u00f1a por el Caribe y el Pac\u00edfico"},"content":{"rendered":"<p>Aspirante a la reelecci\u00f3n en el Senado, visit\u00f3 Choc\u00f3, C\u00f3rdoba, Guajira, Cesar, entre otros departamentos.<\/p>\n<p>En el municipio de San Pelayo reafirmo la gran necesidad de promover la cultura, que es extremadamente rica en nuestra regi\u00f3n Caribe. Reconocido por su Festival Nacional del Porro, en este municipio son muchos los j\u00f3venes preocupados por el poco sentido de pertenencia que tienen las nuevas generaciones del pueblo, por su cultura y por la falta de oportunidades laborales que pueden encontrar en este.<\/p>\n<p>\u201cRecalcamos nuestro compromiso con la cultura, los m\u00fasicos colombianos y las oportunidades para los j\u00f3venes, por lo cual presentaremos un proyecto de ley que reconocer\u00e1 la m\u00fasica como herramienta de transformaci\u00f3n social y cree una c\u00e1tedra obligatoria de m\u00fasica, para que pueblos musicales como San Pelayo no pierdan la riqueza cultural que siempre los ha caracterizado, promoviendo as\u00ed oportunidades para m\u00fasicos j\u00f3venes de este municipio\u201d, afirmo la Senadora Nadia Blel.<\/p>\n<p>As\u00ed mismo la legisladora aseguro que es necesario fomentar el apoyo para los m\u00fasicos veteranos de estas regiones, quienes ya dieron gloria a las festividades de estos pueblos y hoy en d\u00eda en su vejez no cuentan con ning\u00fan tipo de sustento por el trabajo que hicieron en la cultura de sus regiones y no est\u00e1n en condiciones \u00f3ptimas de vida.<\/p>\n<p>Desde nuestra labor legislativa buscaremos eliminar esas barreras que le impiden a los j\u00f3venes acceder a un primer empleo, siendo una de ellas la experiencia laboral como requisito, aseguro Blel.<\/p>\n<p>De igual manera visito distintos barrios de la ciudad de Monter\u00eda, como Cantaclaro, Los Recuerdos, Pastrana Borrero, Juan XXIII y Los Robles, barrios y urbanizaciones que contrastan con el inmenso crecimiento y avance que han tenido otros sectores de esta ciudad. En estos son comunes problem\u00e1ticas como servicios de acueducto y alcantarillado deficientes e inseguridad.<\/p>\n<p><strong>\u00a0<\/strong><\/p>\n<p><strong>El Choc\u00f3 necesita igualdad y condiciones de vida dignas para sus habitantes.<\/strong><\/p>\n<p><em>La senadora Nadia Blel Scaff por el Partido Conservador, Visito el municipio de Unguia, el corregimiento de Tanela, en Choc\u00f3 y el municipio de Turbo en Antioqu\u00eda.<\/em><\/p>\n<p>\u201cIniciamos nuestro recorrido en el municipio de Turbo en Antioquia, que ha presentado un desarrollo y crecimiento considerable, a\u00fan m\u00e1s siendo declarado recientemente como Distrito Portuario. Apoyaremos y seguiremos comprometidos con el crecimiento de este y de la regi\u00f3n del Urab\u00e1 antioque\u00f1o, para que este progreso venga acompa\u00f1ado de la seguridad y tranquilidad que merecen sus habitantes\u201d, afirmo la congresista bolivarense.<\/p>\n<p>De igual manera, se comprometi\u00f3 a continuar con el trabajo y control pol\u00edtico que ha venido realizando desde la Comisi\u00f3n S\u00e9ptima del Senado de la Rep\u00fablica, se desplaz\u00f3 al departamento de Choc\u00f3, cuya situaci\u00f3n contin\u00faa siendo cr\u00edtica y que contrasta con el desarrollo del municipio de Turbo, con el cual limita.<\/p>\n<p>\u201cLa ausencia y mal estado de servicios p\u00fablicos b\u00e1sicos como electricidad, alcantarillado y acueducto siguen significando un freno al desarrollo de estos pueblos, as\u00ed como un catalizador que empeora el ya lamentable estado y cifras de salud de este departamento\u201d, dijo la Senadora Nadia Blel.<\/p>\n<p>La legisladora indic\u00f3 que se debe trabajar de manera urgente y determinante en propuestas que apoyen el crecimiento de pueblos del Choc\u00f3 como Tanela y Ungu\u00eda. \u201cPromoveremos iniciativas que reivindiquen a estos pueblos, que en su mayor\u00eda cuentan con paisajes paradisiacos y una riqueza cultural y gastron\u00f3mica enorme que tiende a ser desconocida incluso por los colombianos\u201d, aseguro la legisladora.<\/p>\n<p>A trav\u00e9s de iniciativas la Senadora buscar\u00e1 solventar los mayores problemas de estas regiones, como lo son la falta de oportunidades laborales, la inseguridad y la deficiencia, o en algunos casos inexistencia, de los servicios p\u00fablicos b\u00e1sicos.<\/p>\n<p>\u201cNuestro compromiso con las comunidades de estos municipios y el departamento del Choc\u00f3 es finalmente darles el reconocimiento, visibilidad e importancia que el Gobierno Nacional no le ha dado\u201d, indic\u00f3 la Senadora Nadia Blel.<\/p>\n<p>Finalmente, la Senadora ratifico su compromiso de seguir adelante con propuestas que permitan a todas las regiones del pa\u00eds, sin distingo de clase o raza, explotar sus potenciales de desarrollo y crecimiento de la mano de sus comunidades, asegurando oportunidades, seguridad y salud para estas.<\/p>\n","protected":false},"excerpt":{"rendered":"<p>Aspirante a la reelecci\u00f3n en el Senado, visit\u00f3 Choc\u00f3, C\u00f3rdoba, Guajira, Cesar, entre otros departamentos. En el municipio de San Pelayo reafirmo la gran necesidad de promover la cultura, que es extremadamente rica en nuestra regi\u00f3n Caribe. Reconocido por su Festival Nacional del Porro, en este municipio son muchos los j\u00f3venes preocupados por el poco sentido de pertenencia que tienen las nuevas generaciones del pueblo, por su cultura y por la falta de oportunidades laborales que pueden encontrar en este. \u201cRecalcamos nuestro compromiso con la cultura, los m\u00fasicos colombianos y&#8230; <\/p>\n","protected":false},"author":3,"featured_media":24423,"comment_status":"open","ping_status":"closed","sticky":false,"template":"","format":"standard","meta":{"footnotes":"","_links_to":"","_links_to_target":""},"categories":[75,4],"tags":[],"class_list":["post-24422","post","type-post","status-publish","format-standard","has-post-thumbnail","hentry","category-destacada","category-politica"],"_links":{"self":[{"href":"https:\/\/revistazetta.com\/index.php?rest_route=\/wp\/v2\/posts\/24422","targetHints":{"allow":["GET"]}}],"collection":[{"href":"https:\/\/revistazetta.com\/index.php?rest_route=\/wp\/v2\/posts"}],"about":[{"href":"https:\/\/revistazetta.com\/index.php?rest_route=\/wp\/v2\/types\/post"}],"author":[{"embeddable":true,"href":"https:\/\/revistazetta.com\/index.php?rest_route=\/wp\/v2\/users\/3"}],"replies":[{"embeddable":true,"href":"https:\/\/revistazetta.com\/index.php?rest_route=%2Fwp%2Fv2%2Fcomments&post=24422"}],"version-history":[{"count":0,"href":"https:\/\/revistazetta.com\/index.php?rest_route=\/wp\/v2\/posts\/24422\/revisions"}],"wp:featuredmedia":[{"embeddable":true,"href":"https:\/\/revistazetta.com\/index.php?rest_route=\/wp\/v2\/media\/24423"}],"wp:attachment":[{"href":"https:\/\/revistazetta.com\/index.php?rest_route=%2Fwp%2Fv2%2Fmedia&parent=24422"}],"wp:term":[{"taxonomy":"category","embeddable":true,"href":"https:\/\/revistazetta.com\/index.php?rest_route=%2Fwp%2Fv2%2Fcategories&post=24422"},{"taxonomy":"post_tag","embeddable":true,"href":"https:\/\/revistazetta.com\/index.php?rest_route=%2Fwp%2Fv2%2Ftags&post=24422"}],"curies":[{"name":"wp","href":"https:\/\/api.w.org\/{rel}","templated":true}]}}