{"id":24430,"date":"2018-02-20T07:11:12","date_gmt":"2018-02-20T12:11:12","guid":{"rendered":"http:\/\/www.revistazetta.com\/?p=24430"},"modified":"2018-02-20T07:11:12","modified_gmt":"2018-02-20T12:11:12","slug":"escuela-inclusiva-la-diferencia-nos-especiales","status":"publish","type":"post","link":"https:\/\/revistazetta.com\/?p=24430","title":{"rendered":"Escuela Inclusiva: la diferencia nos hace especiales"},"content":{"rendered":"<p>&nbsp;<\/p>\n<blockquote><p><strong><em>La Secretar\u00eda de Educaci\u00f3n Distrital puso en marcha esta nueva estrategia, para atender a la poblaci\u00f3n estudiantil con talentos especiales.<\/em><\/strong><\/p><\/blockquote>\n<p><img loading=\"lazy\" decoding=\"async\" class=\"alignright size-medium wp-image-24432\" src=\"https:\/\/www.revistazetta.com\/wp-content\/uploads\/2018\/02\/Escuela-Inclusiva-2-300x188.jpg\" alt=\"\" width=\"300\" height=\"188\" srcset=\"https:\/\/revistazetta.com\/wp-content\/uploads\/2018\/02\/Escuela-Inclusiva-2-300x188.jpg 300w, https:\/\/revistazetta.com\/wp-content\/uploads\/2018\/02\/Escuela-Inclusiva-2.jpg 1024w, https:\/\/revistazetta.com\/wp-content\/uploads\/2018\/02\/Escuela-Inclusiva-2-234x146.jpg 234w, https:\/\/revistazetta.com\/wp-content\/uploads\/2018\/02\/Escuela-Inclusiva-2-50x31.jpg 50w, https:\/\/revistazetta.com\/wp-content\/uploads\/2018\/02\/Escuela-Inclusiva-2-120x75.jpg 120w\" sizes=\"auto, (max-width: 300px) 100vw, 300px\" \/>Mejores experiencias se vivir\u00e1n en las aulas de clase de diferentes instituciones focalizadas del Distrito gracias a \u201cEscuela Inclusiva\u201d, proyecto con el que se le brindar\u00e1 apoyo a maestros para atender los retos pedag\u00f3gicos que tienen ni\u00f1os y j\u00f3venes con necesidades educativas especiales o en condici\u00f3n de discapacidad,\u00a0\u00a0de tal manera que se garantice una educaci\u00f3n inclusiva y de calidad.<\/p>\n<p>El apoyo vendr\u00e1 de parte de fonoaudi\u00f3logos, trabajadores sociales,\u00a0modelos ling\u00fc\u00edsticos, int\u00e9rpretes, mediadores de aula,\u00a0\u00a0psic\u00f3logos y fisioterapeutas capacitados para la atenci\u00f3n a esta poblaci\u00f3n y para ense\u00f1ar a los maestros las diferentes formas de comunicaci\u00f3n y estrategias pedag\u00f3gicas que garantizar\u00e1n un proceso de aprendizaje exitoso.<\/p>\n<p>La Alcald\u00eda de Cartagena y su Secretar\u00eda de Educaci\u00f3n SED lanzaron este lunes este proyecto, atendiendo el llamado de las pol\u00edticas mundiales, nacionales, regionales y locales para promover la educaci\u00f3n para todos, como la plasmada por Ministerio de Educaci\u00f3n Nacional a trav\u00e9s del Decreto 1421 del 29 de agosto de 2017, en el que se reglamenta la atenci\u00f3n educativa a la poblaci\u00f3n con discapacidad.<\/p>\n<p>Escuela Inclusiva tendr\u00e1 como objetivo hacer posible que profesores y estudiantes se sientan vers\u00e1tiles ante la diversidad de capacidades, lenguajes, formas de comunicaci\u00f3n y puedan verla como una oportunidad\u00a0\u00a0de aprendizaje.<\/p>\n<p>En principio ser\u00e1n 12 las instituciones focalizadas en las que aplicar\u00e1 el programa, y se espera extender el alcance\u00a0\u00a0a m\u00e1s comunidades educativas en un futuro cercano.<\/p>\n<p><img loading=\"lazy\" decoding=\"async\" class=\"alignright size-medium wp-image-24433\" src=\"https:\/\/www.revistazetta.com\/wp-content\/uploads\/2018\/02\/Escuela-Inclusiva-3-300x188.jpg\" alt=\"\" width=\"300\" height=\"188\" srcset=\"https:\/\/revistazetta.com\/wp-content\/uploads\/2018\/02\/Escuela-Inclusiva-3-300x188.jpg 300w, https:\/\/revistazetta.com\/wp-content\/uploads\/2018\/02\/Escuela-Inclusiva-3.jpg 1024w, https:\/\/revistazetta.com\/wp-content\/uploads\/2018\/02\/Escuela-Inclusiva-3-234x146.jpg 234w, https:\/\/revistazetta.com\/wp-content\/uploads\/2018\/02\/Escuela-Inclusiva-3-50x31.jpg 50w, https:\/\/revistazetta.com\/wp-content\/uploads\/2018\/02\/Escuela-Inclusiva-3-120x75.jpg 120w\" sizes=\"auto, (max-width: 300px) 100vw, 300px\" \/>El Secretario de Educaci\u00f3n de Cartagena, Jaime Hern\u00e1ndez Am\u00edn, asegur\u00f3 que \u201cproyectos como estos son indispensables para construir la Ciudad de la Esperanza que so\u00f1amos los\u00a0cartageneros, nos permitir\u00e1 generar una\u00a0educaci\u00f3n\u00a0m\u00e1s inclusiva y a crecer como sociedad\u201d<\/p>\n<p>El director de Cobertura Educativa de la Secretar\u00eda de Educaci\u00f3n, Iv\u00e1n Sanes, manifest\u00f3 que la Escuela Inclusiva garantiza el derecho a la educaci\u00f3n para talentos excepcionales. \u201cEs la diferencia la que nos hace especiales y \u00fanicos\u201d, asegur\u00f3.<\/p>\n<p>El programa fue instalado formalmente con una emotiva ceremonia cumplida en la I.E. Antonia Santos, con la participaci\u00f3n de representantes de la poblaci\u00f3n sorda, sordomuda, invidente, y con otras condiciones especiales.<\/p>\n<p>All\u00ed, Iv\u00e1n Sanes se\u00f1al\u00f3 que la Escuela Inclusiva permite luchar por una mejor sociedad, donde la academia es el camino. \u201cDebemos hacer de la inclusi\u00f3n una realidad material en las estrategias de calidad educativa\u201d, insisti\u00f3.<\/p>\n<p>&nbsp;<\/p>\n<p>&nbsp;<\/p>\n","protected":false},"excerpt":{"rendered":"<p>&nbsp; La Secretar\u00eda de Educaci\u00f3n Distrital puso en marcha esta nueva estrategia, para atender a la poblaci\u00f3n estudiantil con talentos especiales. Mejores experiencias se vivir\u00e1n en las aulas de clase de diferentes instituciones focalizadas del Distrito gracias a \u201cEscuela Inclusiva\u201d, proyecto con el que se le brindar\u00e1 apoyo a maestros para atender los retos pedag\u00f3gicos que tienen ni\u00f1os y j\u00f3venes con necesidades educativas especiales o en condici\u00f3n de discapacidad,\u00a0\u00a0de tal manera que se garantice una educaci\u00f3n inclusiva y de calidad. El apoyo vendr\u00e1 de parte de fonoaudi\u00f3logos, trabajadores sociales,\u00a0modelos ling\u00fc\u00edsticos,&#8230; <\/p>\n","protected":false},"author":3,"featured_media":24431,"comment_status":"open","ping_status":"closed","sticky":false,"template":"","format":"standard","meta":{"footnotes":"","_links_to":"","_links_to_target":""},"categories":[32,86,75],"tags":[],"class_list":["post-24430","post","type-post","status-publish","format-standard","has-post-thumbnail","hentry","category-actualidad-distrito","category-comunidad","category-destacada"],"_links":{"self":[{"href":"https:\/\/revistazetta.com\/index.php?rest_route=\/wp\/v2\/posts\/24430","targetHints":{"allow":["GET"]}}],"collection":[{"href":"https:\/\/revistazetta.com\/index.php?rest_route=\/wp\/v2\/posts"}],"about":[{"href":"https:\/\/revistazetta.com\/index.php?rest_route=\/wp\/v2\/types\/post"}],"author":[{"embeddable":true,"href":"https:\/\/revistazetta.com\/index.php?rest_route=\/wp\/v2\/users\/3"}],"replies":[{"embeddable":true,"href":"https:\/\/revistazetta.com\/index.php?rest_route=%2Fwp%2Fv2%2Fcomments&post=24430"}],"version-history":[{"count":0,"href":"https:\/\/revistazetta.com\/index.php?rest_route=\/wp\/v2\/posts\/24430\/revisions"}],"wp:featuredmedia":[{"embeddable":true,"href":"https:\/\/revistazetta.com\/index.php?rest_route=\/wp\/v2\/media\/24431"}],"wp:attachment":[{"href":"https:\/\/revistazetta.com\/index.php?rest_route=%2Fwp%2Fv2%2Fmedia&parent=24430"}],"wp:term":[{"taxonomy":"category","embeddable":true,"href":"https:\/\/revistazetta.com\/index.php?rest_route=%2Fwp%2Fv2%2Fcategories&post=24430"},{"taxonomy":"post_tag","embeddable":true,"href":"https:\/\/revistazetta.com\/index.php?rest_route=%2Fwp%2Fv2%2Ftags&post=24430"}],"curies":[{"name":"wp","href":"https:\/\/api.w.org\/{rel}","templated":true}]}}