{"id":24464,"date":"2018-02-20T21:41:36","date_gmt":"2018-02-21T02:41:36","guid":{"rendered":"http:\/\/www.revistazetta.com\/?p=24464"},"modified":"2018-02-20T21:41:36","modified_gmt":"2018-02-21T02:41:36","slug":"ipcc-toma-la-alternativa-asume-manejo-la-plaza-toros","status":"publish","type":"post","link":"https:\/\/revistazetta.com\/?p=24464","title":{"rendered":"IPCC \u00abtoma la alternativa\u00bb y asume manejo de la Plaza de Toros"},"content":{"rendered":"<p>A partir de esta vigencia 2018, la Plaza de Toros ser\u00e1 administrada por el Instituto de Patrimonio y Cultura de Cartagena (IPCC), seg\u00fan lo estipula el Acuerdo 001 de 2003 en su art\u00edculo 43, donde establece que dicho escenario hace parte de los bienes patrimoniales a cargo del IPCC, al igual que el Teatro Adolfo Mej\u00eda.<\/p>\n<p>El IPCC ser\u00e1 el encargado de construir el modelo de gesti\u00f3n para tan tradicional infraestructura de\u00a0 la ciudad, proponi\u00e9ndolo tambi\u00e9n como escenario para otros tipos de eventos culturales y art\u00edsticos que respondan a las expectativas y demandas de las poblaciones; haci\u00e9ndolo autosostenible y \u00fatil todas las \u00e9pocas del a\u00f1o.<\/p>\n<p>De cara a lo anterior, en el mes de diciembre el IPCC recibi\u00f3 la Plaza de Toros por parte del Instituto de Deportes y Recreaci\u00f3n (IDER), despu\u00e9s de que este entregara el informe correspondiente sobre el estado actual de la plaza, y quien actu\u00f3 como su administrador por varios a\u00f1os. En ese orden de ideas, desde el mes de enero IPCC se encuentra realizando el an\u00e1lisis diagn\u00f3stico, as\u00ed como acciones de mantenimiento prioritario, su plan de mejoramiento continuo y actualizando la reglamentaci\u00f3n vigente para prestar un servicio de calidad.<\/p>\n<p>Adicionalmente, se encuentra definiendo el modelo de\u00a0 contrataci\u00f3n para\u00a0 todos los eventos que demandan este espacio y comenzando el dise\u00f1o del proyecto con el que se espera que la Plaza sea todo el a\u00f1o un escenario de festivales y encuentros culturales. Se espera que a partir del primero de abril del presente a\u00f1o la plaza entre en funcionamiento; es importante aclarar que su uso tendr\u00e1 restricciones definidas en cuanto a aforo y tipos de eventos, bajo el seguimiento de la Divisi\u00f3n de Patrimonio del IPCC, mientras se avanza en su recuperaci\u00f3n y en el Plan de Desarrollo de este escenario.<\/p>\n<p>Mientras se terminan\u00a0 de tomar las acciones tendientes al mejoramiento total de la plaza, este escenario permitir\u00e1 eventos de hasta 8 mil personas cuando se incluya el ruedo, y de 6 mil 500 personas cuando no se incluya esa zona.<\/p>\n<p>Una de las tareas siguientes que adelantar\u00e1 el IPCC, ser\u00e1 conocer las buenas pr\u00e1cticas de otras plazas de toros del pa\u00eds, con el fin de tener un referente. A mediado plazo se planea avanzar en el dise\u00f1o de un proyecto de restauraci\u00f3n monumental y de gesti\u00f3n de aliados estrat\u00e9gicos para su correcto funcionamiento.<\/p>\n<p>En atenci\u00f3n a lo anterior, todas las solicitudes de los interesados se\u00a0 comenzar\u00e1n a actualizar en cuanto a cotizaciones y se les dar\u00e1n a conocer las nuevas tarifas que les permitir\u00e1n proyectar sus eventos; para tal fin el Instituto ha dispuesto de un equipo de trabajo capacitado en el tema patrimonial, arquitect\u00f3nico, administrativo y de ingenier\u00eda.<\/p>\n<p>Comunicado 123<\/p>\n","protected":false},"excerpt":{"rendered":"<p>A partir de esta vigencia 2018, la Plaza de Toros ser\u00e1 administrada por el Instituto de Patrimonio y Cultura de Cartagena (IPCC), seg\u00fan lo estipula el Acuerdo 001 de 2003 en su art\u00edculo 43, donde establece que dicho escenario hace parte de los bienes patrimoniales a cargo del IPCC, al igual que el Teatro Adolfo Mej\u00eda. El IPCC ser\u00e1 el encargado de construir el modelo de gesti\u00f3n para tan tradicional infraestructura de\u00a0 la ciudad, proponi\u00e9ndolo tambi\u00e9n como escenario para otros tipos de eventos culturales y art\u00edsticos que respondan a las&#8230; <\/p>\n","protected":false},"author":3,"featured_media":24465,"comment_status":"open","ping_status":"closed","sticky":false,"template":"","format":"standard","meta":{"footnotes":"","_links_to":"","_links_to_target":""},"categories":[41,75,42],"tags":[],"class_list":["post-24464","post","type-post","status-publish","format-standard","has-post-thumbnail","hentry","category-cultura","category-destacada","category-cultura-toros"],"_links":{"self":[{"href":"https:\/\/revistazetta.com\/index.php?rest_route=\/wp\/v2\/posts\/24464","targetHints":{"allow":["GET"]}}],"collection":[{"href":"https:\/\/revistazetta.com\/index.php?rest_route=\/wp\/v2\/posts"}],"about":[{"href":"https:\/\/revistazetta.com\/index.php?rest_route=\/wp\/v2\/types\/post"}],"author":[{"embeddable":true,"href":"https:\/\/revistazetta.com\/index.php?rest_route=\/wp\/v2\/users\/3"}],"replies":[{"embeddable":true,"href":"https:\/\/revistazetta.com\/index.php?rest_route=%2Fwp%2Fv2%2Fcomments&post=24464"}],"version-history":[{"count":0,"href":"https:\/\/revistazetta.com\/index.php?rest_route=\/wp\/v2\/posts\/24464\/revisions"}],"wp:featuredmedia":[{"embeddable":true,"href":"https:\/\/revistazetta.com\/index.php?rest_route=\/wp\/v2\/media\/24465"}],"wp:attachment":[{"href":"https:\/\/revistazetta.com\/index.php?rest_route=%2Fwp%2Fv2%2Fmedia&parent=24464"}],"wp:term":[{"taxonomy":"category","embeddable":true,"href":"https:\/\/revistazetta.com\/index.php?rest_route=%2Fwp%2Fv2%2Fcategories&post=24464"},{"taxonomy":"post_tag","embeddable":true,"href":"https:\/\/revistazetta.com\/index.php?rest_route=%2Fwp%2Fv2%2Ftags&post=24464"}],"curies":[{"name":"wp","href":"https:\/\/api.w.org\/{rel}","templated":true}]}}