{"id":24482,"date":"2018-02-20T23:56:54","date_gmt":"2018-02-21T04:56:54","guid":{"rendered":"http:\/\/www.revistazetta.com\/?p=24482"},"modified":"2018-02-20T23:56:54","modified_gmt":"2018-02-21T04:56:54","slug":"gran-respaldo-yamilito-arana-zonales-corregimientos-magangue","status":"publish","type":"post","link":"https:\/\/revistazetta.com\/?p=24482","title":{"rendered":"Gran respaldo a Yamilito Arana en zonales de corregimientos en Magangu\u00e9"},"content":{"rendered":"<p>Navegando r\u00edo adentro, rumbo a los corregimientos de Magangu\u00e9, el candidato a la C\u00e1mara, Yamilito Arana &#8211; C101, abri\u00f3 su fin de semana realizando cuatro zonales de encuentros con las comunidades de Coyongal, Sitio Nuevo, Barranca de Yuca y Cascajal.<\/p>\n<p>En el primer zonal de Coyongal, asistieron m\u00e1s de 200 simpatizantes de los corregimientos de Santa M\u00f3nica, Santa Pabla, Playa de las Flores, Punta de Cartagena y Bocas de Guamal.<\/p>\n<p>\u00abNo podemos elegirnos y olvidarnos de la gente. Ay\u00fadenme a hacer una pol\u00edtica diferente que le de vida a los corregimientos. Necesitamos salud a tiempo y educaci\u00f3n superior para todos . Con una mejor educaci\u00f3n y m\u00e1s oportunidades de empleo se puede combatir la inseguridad\u00bb, expres\u00f3 el candidato en el primer encuentro.<\/p>\n<p>En palabras de Elizabeth Mart\u00ednez: \u00abNo queremos candidatos de afiche ni solo verlos en tv. Queremos verlos en persona. Cerca a nosotros. \u00a1No queremos plata, queremos que nos escuchen!<\/p>\n<p>En Sitio Nuevo, fue realizado el segundo zonal con unas 180 personas de las comunidades de Panseguita, Palmarito, Barbosa, Buena Vista, Roma, Tol\u00fa, Las Martas y Santacoita. \u00abA ellos les cont\u00e9 que para saber lo que hay que trabajar, hay que estar de cerca a las necesidades y problem\u00e1ticas de la gente. Somos la \u00fanica candidatura que hizo pol\u00edtica en \u00e9poca no electoral desde 2016\u00bb, indic\u00f3 el joven aspirante.<\/p>\n<p>Al llegar al corregimiento de Barranca de Yuca, Yamilito Arana fue recibido por m\u00e1s de 290 habitantes de Tacasaluma, San Anto\u00f1ito, Pi\u00f1alito, Tres Puntas y la Ventura, quienes compartieron su prop\u00f3sito de hacer control pol\u00edtico de las obras y decisiones para que sean las realmente necesarias para el departamento.<\/p>\n<p>\u00abSe me cumpli\u00f3 el sue\u00f1o de conocerlo\u00bb. Cuente con nosotros el d\u00eda decisivo del 11 de marzo. Esperemos que nos represente bien para mejorar las condiciones de quienes vivimos en los corregimientos\u00bb, dijo Mario Rojas, habitante de Barranca de Yuca.<\/p>\n<p>La primera jornada de zonales cerr\u00f3 en Cascajal, donde m\u00e1s de 600 seguidores se volcaron a la plaza principal para escuchar al aspirante, quien les record\u00f3: \u00abEsta candidatura no fue improvisada e involucra las bases sociales en barrios y corregimientos de los municipios. No se quedar\u00e1 un rinc\u00f3n de Bol\u00edvar sin conocer este proyecto que nos llevar\u00e1 a representarlos bien en el Congreso.<\/p>\n<p>El \u00faltimo zonal ser\u00e1 realizado hoy en el parque las Am\u00e9ricas con los seguidores de las comunas 1, 2, 3 y 4 del casco urbano a las 7 de la noche con la participaci\u00f3n del joven artista cartagenero, Luister, la Voz.<\/p>\n<p>*Comunicaciones Yamilito Arana*<br \/>\n#M\u00e1sCercaDeTi #C101<\/p>\n","protected":false},"excerpt":{"rendered":"<p>Navegando r\u00edo adentro, rumbo a los corregimientos de Magangu\u00e9, el candidato a la C\u00e1mara, Yamilito Arana &#8211; C101, abri\u00f3 su fin de semana realizando cuatro zonales de encuentros con las comunidades de Coyongal, Sitio Nuevo, Barranca de Yuca y Cascajal. En el primer zonal de Coyongal, asistieron m\u00e1s de 200 simpatizantes de los corregimientos de Santa M\u00f3nica, Santa Pabla, Playa de las Flores, Punta de Cartagena y Bocas de Guamal. \u00abNo podemos elegirnos y olvidarnos de la gente. Ay\u00fadenme a hacer una pol\u00edtica diferente que le de vida a los&#8230; <\/p>\n","protected":false},"author":3,"featured_media":24483,"comment_status":"open","ping_status":"closed","sticky":false,"template":"","format":"standard","meta":{"footnotes":"","_links_to":"","_links_to_target":""},"categories":[75,4],"tags":[115,93,247],"class_list":["post-24482","post","type-post","status-publish","format-standard","has-post-thumbnail","hentry","category-destacada","category-politica","tag-john-zamora","tag-revista-zetta","tag-yamilito-arana"],"_links":{"self":[{"href":"https:\/\/revistazetta.com\/index.php?rest_route=\/wp\/v2\/posts\/24482","targetHints":{"allow":["GET"]}}],"collection":[{"href":"https:\/\/revistazetta.com\/index.php?rest_route=\/wp\/v2\/posts"}],"about":[{"href":"https:\/\/revistazetta.com\/index.php?rest_route=\/wp\/v2\/types\/post"}],"author":[{"embeddable":true,"href":"https:\/\/revistazetta.com\/index.php?rest_route=\/wp\/v2\/users\/3"}],"replies":[{"embeddable":true,"href":"https:\/\/revistazetta.com\/index.php?rest_route=%2Fwp%2Fv2%2Fcomments&post=24482"}],"version-history":[{"count":0,"href":"https:\/\/revistazetta.com\/index.php?rest_route=\/wp\/v2\/posts\/24482\/revisions"}],"wp:featuredmedia":[{"embeddable":true,"href":"https:\/\/revistazetta.com\/index.php?rest_route=\/wp\/v2\/media\/24483"}],"wp:attachment":[{"href":"https:\/\/revistazetta.com\/index.php?rest_route=%2Fwp%2Fv2%2Fmedia&parent=24482"}],"wp:term":[{"taxonomy":"category","embeddable":true,"href":"https:\/\/revistazetta.com\/index.php?rest_route=%2Fwp%2Fv2%2Fcategories&post=24482"},{"taxonomy":"post_tag","embeddable":true,"href":"https:\/\/revistazetta.com\/index.php?rest_route=%2Fwp%2Fv2%2Ftags&post=24482"}],"curies":[{"name":"wp","href":"https:\/\/api.w.org\/{rel}","templated":true}]}}