{"id":24506,"date":"2018-02-21T23:15:41","date_gmt":"2018-02-22T04:15:41","guid":{"rendered":"http:\/\/www.revistazetta.com\/?p=24506"},"modified":"2018-02-21T23:15:41","modified_gmt":"2018-02-22T04:15:41","slug":"estalla-batalla-juridica-compas-sprc","status":"publish","type":"post","link":"https:\/\/revistazetta.com\/?p=24506","title":{"rendered":"Estalla batalla jur\u00eddica entre Compas y SPRC"},"content":{"rendered":"<p>El puerto cartagenero de Compas\u00a0<strong>radic\u00f3 una queja ante la Superintendencia de Industria y Comercio en contra de la Sociedad Portuaria regional de Cartagena,<\/strong>\u00a0por el abuso de posici\u00f3n dominante.<\/p>\n<p>En un comunicado p\u00fablico, la Compa\u00f1\u00eda de Puestos Asociados (COMPAS) c<strong>onfirma que ya fue radicada la queja administrativa ante la Superintendencia de Industria.<\/strong><\/p>\n<p>El siguiente es el texto completo del comunicado:<\/p>\n<p>\u00abDada la reciente informaci\u00f3n difundida por diferentes medios de comunicaci\u00f3n en relaci\u00f3n con el proyecto de ampliaci\u00f3n del puerto de la C<strong>ompa\u00f1\u00eda de Puertos Asociados S.A. (Compas S.A.) en Cartagena<\/strong>\u00a0(Bol\u00edvar), esta sociedad se permite informar a la opini\u00f3n p\u00fablica:<\/p>\n<ol>\n<li>Que se ha radicado ante la Superintendencia de Industria y Comercio una queja administrativa contra la Sociedad Portuaria de Cartagena a fin de que la m<strong>encionada autoridad administrativa adopte las medidas que en derecho correspondan frente a las acciones adelantadas por la Sociedad Portuaria<\/strong>en relaci\u00f3n con el proyecto de ampliaci\u00f3n del puerto de COMPAS en la ciudad de Cartagena.<\/li>\n<li>COMPAS informa, asimismo, que las pruebas que dan cuenta de las acciones de la mencionada Sociedad Portuaria fueron debidamente radicadas<strong>ante la autoridad competente, quien habr\u00e1 de valorarlas conforme al procedimiento legal establecido.\u00a0<\/strong><\/li>\n<li>Por tal raz\u00f3n, guardando pleno respeto por la autonom\u00eda de las autoridades en sus procedimientos y decisiones, COMPAS se abstendr\u00e1 de pronunciarse s<strong>obre las pruebas radicadas hasta tanto la autoridad administrativa<\/strong>profiera la decisi\u00f3n que jur\u00eddicamente corresponda. As\u00ed lo establece la normativa y as\u00ed lo acatar\u00e1 esta compa\u00f1\u00eda.<\/li>\n<li>Se informa, en cuarto lugar, que como tambi\u00e9n lo documentaron ciertos medios de comunicaci\u00f3n, COMPAS inici\u00f3 tambi\u00e9n acciones ante otras autoridades estatales. Estas acciones, sin embargo, se separan de la queja a<strong>dministrativa en la medida en que se fundan en presupuestos jur\u00eddicos y en finalidades diferentes.\u00a0<\/strong><\/li>\n<li>Guardando tambi\u00e9n respeto por las autoridades que conocen de tales acciones,<strong>COMPAS procurar\u00e1 no pronunciarse en torno al contenido de las mismas.\u00a0<\/strong><\/li>\n<li>Finalmente, COMPAS se permite precisar que el proyecto de ampliaci\u00f3n de su terminal en Cartagena se ha venido adelantando con absoluto apego a las normas legales vigentes y, en particular, al Contrato de Concesi\u00f3n respectivo, la<strong>Ley 1\u00aa de 1991, el Decreto 1079 de 2015 y el Decreto 1076 de 2015<\/strong>. La ejecuci\u00f3n de este proyecto tendr\u00e1 indudables beneficios para la ciudad de Cartagena y para la infraestructura del pa\u00eds\u00bb.<\/li>\n<\/ol>\n","protected":false},"excerpt":{"rendered":"<p>El puerto cartagenero de Compas\u00a0radic\u00f3 una queja ante la Superintendencia de Industria y Comercio en contra de la Sociedad Portuaria regional de Cartagena,\u00a0por el abuso de posici\u00f3n dominante. En un comunicado p\u00fablico, la Compa\u00f1\u00eda de Puestos Asociados (COMPAS) confirma que ya fue radicada la queja administrativa ante la Superintendencia de Industria. El siguiente es el texto completo del comunicado: \u00abDada la reciente informaci\u00f3n difundida por diferentes medios de comunicaci\u00f3n en relaci\u00f3n con el proyecto de ampliaci\u00f3n del puerto de la Compa\u00f1\u00eda de Puertos Asociados S.A. (Compas S.A.) en Cartagena\u00a0(Bol\u00edvar), esta&#8230; <\/p>\n","protected":false},"author":3,"featured_media":24507,"comment_status":"open","ping_status":"closed","sticky":false,"template":"","format":"standard","meta":{"footnotes":"","_links_to":"","_links_to_target":""},"categories":[3,75,52],"tags":[256,115,93,255],"class_list":["post-24506","post","type-post","status-publish","format-standard","has-post-thumbnail","hentry","category-ciudad","category-destacada","category-puerto","tag-compas","tag-john-zamora","tag-revista-zetta","tag-sprc"],"_links":{"self":[{"href":"https:\/\/revistazetta.com\/index.php?rest_route=\/wp\/v2\/posts\/24506","targetHints":{"allow":["GET"]}}],"collection":[{"href":"https:\/\/revistazetta.com\/index.php?rest_route=\/wp\/v2\/posts"}],"about":[{"href":"https:\/\/revistazetta.com\/index.php?rest_route=\/wp\/v2\/types\/post"}],"author":[{"embeddable":true,"href":"https:\/\/revistazetta.com\/index.php?rest_route=\/wp\/v2\/users\/3"}],"replies":[{"embeddable":true,"href":"https:\/\/revistazetta.com\/index.php?rest_route=%2Fwp%2Fv2%2Fcomments&post=24506"}],"version-history":[{"count":0,"href":"https:\/\/revistazetta.com\/index.php?rest_route=\/wp\/v2\/posts\/24506\/revisions"}],"wp:featuredmedia":[{"embeddable":true,"href":"https:\/\/revistazetta.com\/index.php?rest_route=\/wp\/v2\/media\/24507"}],"wp:attachment":[{"href":"https:\/\/revistazetta.com\/index.php?rest_route=%2Fwp%2Fv2%2Fmedia&parent=24506"}],"wp:term":[{"taxonomy":"category","embeddable":true,"href":"https:\/\/revistazetta.com\/index.php?rest_route=%2Fwp%2Fv2%2Fcategories&post=24506"},{"taxonomy":"post_tag","embeddable":true,"href":"https:\/\/revistazetta.com\/index.php?rest_route=%2Fwp%2Fv2%2Ftags&post=24506"}],"curies":[{"name":"wp","href":"https:\/\/api.w.org\/{rel}","templated":true}]}}