{"id":24509,"date":"2018-02-21T23:44:33","date_gmt":"2018-02-22T04:44:33","guid":{"rendered":"http:\/\/www.revistazetta.com\/?p=24509"},"modified":"2018-02-21T23:44:33","modified_gmt":"2018-02-22T04:44:33","slug":"orbita-politica-john-zamora-jueves-22-febrero","status":"publish","type":"post","link":"https:\/\/revistazetta.com\/?p=24509","title":{"rendered":"\u00d3rbita Pol\u00edtica de John Zamora &#8211; jueves 22 de febrero"},"content":{"rendered":"<p><strong>Alejandro Ord\u00f3\u00f1ez en Cartagena<\/strong><\/p>\n<p>El candidato presidencial Alejandro Ord\u00f3\u00f1ez lleg\u00f3 a Cartagena este mi\u00e9rcoles, camin\u00f3 varias calles del Centro y Pie del Cerro, y luego atendi\u00f3 una reuni\u00f3n que le prepar\u00f3 el pastor Miguel Arr\u00e1zola en la iglesia R\u00edos de Vida.<\/p>\n<p>Ord\u00f3\u00f1ez tendr\u00e1 una agenda para el segundo d\u00eda que incluye reuni\u00f3n con medios de comunicaci\u00f3n y recorridos por Nelson Mandela y el Poz\u00f3n.<\/p>\n<p>&nbsp;<\/p>\n<p><strong>Las f\u00f3rmulas de Saray<\/strong><\/p>\n<p>Muy organizada, visitando barrios y caminando calles, se le ha visto a la exconcejal Saray Aguas, quien est\u00e1 fajada trabajando para sus f\u00f3rmulas pol\u00edticas: El liberal Mauricio G\u00f3mez para Senado; el conservador Yamilito Arana para C\u00e1mara, y el ASI Andr\u00e9s Betancourt para la Alcald\u00eda. Muy pluripartidista. \u00bfCampa\u00f1a para Concejo?<\/p>\n<p>&nbsp;<\/p>\n<p><strong>Cartagena tiene que cambiar<\/strong><\/p>\n<p>El foro \u201cCartagena tiene que cambiar\u201d con candidatos a la Alcald\u00eda de Cartagena ser\u00e1 muy visible: transmisi\u00f3n por televisi\u00f3n y en video por redes sociales, enlace de emisoras y todo el sistema informativo de Revista Zetta. Una agencia de publicidad trabaja en el concepto gr\u00e1fico y se est\u00e1 definiendo el lugar, que debe garantizar una amplia capacidad. Seguiremos informando.<\/p>\n","protected":false},"excerpt":{"rendered":"<p>Alejandro Ord\u00f3\u00f1ez en Cartagena El candidato presidencial Alejandro Ord\u00f3\u00f1ez lleg\u00f3 a Cartagena este mi\u00e9rcoles, camin\u00f3 varias calles del Centro y Pie del Cerro, y luego atendi\u00f3 una reuni\u00f3n que le prepar\u00f3 el pastor Miguel Arr\u00e1zola en la iglesia R\u00edos de Vida. Ord\u00f3\u00f1ez tendr\u00e1 una agenda para el segundo d\u00eda que incluye reuni\u00f3n con medios de comunicaci\u00f3n y recorridos por Nelson Mandela y el Poz\u00f3n. &nbsp; Las f\u00f3rmulas de Saray Muy organizada, visitando barrios y caminando calles, se le ha visto a la exconcejal Saray Aguas, quien est\u00e1 fajada trabajando para&#8230; <\/p>\n","protected":false},"author":3,"featured_media":24510,"comment_status":"open","ping_status":"closed","sticky":false,"template":"","format":"standard","meta":{"footnotes":"","_links_to":"","_links_to_target":""},"categories":[75,47,44,45],"tags":[],"class_list":["post-24509","post","type-post","status-publish","format-standard","has-post-thumbnail","hentry","category-destacada","category-john-zamora","category-materiagris","category-orbita"],"_links":{"self":[{"href":"https:\/\/revistazetta.com\/index.php?rest_route=\/wp\/v2\/posts\/24509","targetHints":{"allow":["GET"]}}],"collection":[{"href":"https:\/\/revistazetta.com\/index.php?rest_route=\/wp\/v2\/posts"}],"about":[{"href":"https:\/\/revistazetta.com\/index.php?rest_route=\/wp\/v2\/types\/post"}],"author":[{"embeddable":true,"href":"https:\/\/revistazetta.com\/index.php?rest_route=\/wp\/v2\/users\/3"}],"replies":[{"embeddable":true,"href":"https:\/\/revistazetta.com\/index.php?rest_route=%2Fwp%2Fv2%2Fcomments&post=24509"}],"version-history":[{"count":0,"href":"https:\/\/revistazetta.com\/index.php?rest_route=\/wp\/v2\/posts\/24509\/revisions"}],"wp:featuredmedia":[{"embeddable":true,"href":"https:\/\/revistazetta.com\/index.php?rest_route=\/wp\/v2\/media\/24510"}],"wp:attachment":[{"href":"https:\/\/revistazetta.com\/index.php?rest_route=%2Fwp%2Fv2%2Fmedia&parent=24509"}],"wp:term":[{"taxonomy":"category","embeddable":true,"href":"https:\/\/revistazetta.com\/index.php?rest_route=%2Fwp%2Fv2%2Fcategories&post=24509"},{"taxonomy":"post_tag","embeddable":true,"href":"https:\/\/revistazetta.com\/index.php?rest_route=%2Fwp%2Fv2%2Ftags&post=24509"}],"curies":[{"name":"wp","href":"https:\/\/api.w.org\/{rel}","templated":true}]}}