{"id":24511,"date":"2018-02-22T05:41:23","date_gmt":"2018-02-22T10:41:23","guid":{"rendered":"http:\/\/www.revistazetta.com\/?p=24511"},"modified":"2018-02-22T05:42:03","modified_gmt":"2018-02-22T10:42:03","slug":"padaui-la-tarea-magangue-lo-aclamo","status":"publish","type":"post","link":"https:\/\/revistazetta.com\/?p=24511","title":{"rendered":"Padau\u00ed hizo la tarea y Magangu\u00e9 lo aclam\u00f3"},"content":{"rendered":"<p><img loading=\"lazy\" decoding=\"async\" class=\"alignright size-medium wp-image-24513\" src=\"https:\/\/www.revistazetta.com\/wp-content\/uploads\/2018\/02\/Picho-Magan-2-300x188.jpg\" alt=\"\" width=\"300\" height=\"188\" srcset=\"https:\/\/revistazetta.com\/wp-content\/uploads\/2018\/02\/Picho-Magan-2-300x188.jpg 300w, https:\/\/revistazetta.com\/wp-content\/uploads\/2018\/02\/Picho-Magan-2.jpg 1024w, https:\/\/revistazetta.com\/wp-content\/uploads\/2018\/02\/Picho-Magan-2-234x146.jpg 234w, https:\/\/revistazetta.com\/wp-content\/uploads\/2018\/02\/Picho-Magan-2-50x31.jpg 50w, https:\/\/revistazetta.com\/wp-content\/uploads\/2018\/02\/Picho-Magan-2-120x75.jpg 120w\" sizes=\"auto, (max-width: 300px) 100vw, 300px\" \/>El representante a la C\u00e1mara Hernando Padau\u00ed entr\u00f3 en la recta final de su campa\u00f1a a la reelecci\u00f3n y adelant\u00f3 una intensa agenda de reuniones en su natal Magangu\u00e9.<\/p>\n<p>Con reuniones copadas de seguidores, Padau\u00ed hizo un balance de su gesti\u00f3n legislativa y de control pol\u00edtico, y se\u00f1al\u00f3 que en eso consiste \u201chacer la tarea\u201d.<\/p>\n<p>Entre las reuniones m\u00e1s significativas se registr\u00f3 el respaldo de la concejal Leydi Polo y el grupo Lagares.<\/p>\n<p>Con un notorio sentimiento de gratitud con su ciudad natal, Padau\u00ed expres\u00f3 que \u201cqueremos seguir en el Congreso continuar apoyando la gesti\u00f3n de Magangu\u00e9 y traer obras importantes, llevarle desarrollo y mejorar la calidad de vida\u201d.<\/p>\n","protected":false},"excerpt":{"rendered":"<p>El representante a la C\u00e1mara Hernando Padau\u00ed entr\u00f3 en la recta final de su campa\u00f1a a la reelecci\u00f3n y adelant\u00f3 una intensa agenda de reuniones en su natal Magangu\u00e9. Con reuniones copadas de seguidores, Padau\u00ed hizo un balance de su gesti\u00f3n legislativa y de control pol\u00edtico, y se\u00f1al\u00f3 que en eso consiste \u201chacer la tarea\u201d. Entre las reuniones m\u00e1s significativas se registr\u00f3 el respaldo de la concejal Leydi Polo y el grupo Lagares. Con un notorio sentimiento de gratitud con su ciudad natal, Padau\u00ed expres\u00f3 que \u201cqueremos seguir en el&#8230; <\/p>\n","protected":false},"author":3,"featured_media":24512,"comment_status":"open","ping_status":"closed","sticky":false,"template":"","format":"standard","meta":{"footnotes":"","_links_to":"","_links_to_target":""},"categories":[75,4],"tags":[],"class_list":["post-24511","post","type-post","status-publish","format-standard","has-post-thumbnail","hentry","category-destacada","category-politica"],"_links":{"self":[{"href":"https:\/\/revistazetta.com\/index.php?rest_route=\/wp\/v2\/posts\/24511","targetHints":{"allow":["GET"]}}],"collection":[{"href":"https:\/\/revistazetta.com\/index.php?rest_route=\/wp\/v2\/posts"}],"about":[{"href":"https:\/\/revistazetta.com\/index.php?rest_route=\/wp\/v2\/types\/post"}],"author":[{"embeddable":true,"href":"https:\/\/revistazetta.com\/index.php?rest_route=\/wp\/v2\/users\/3"}],"replies":[{"embeddable":true,"href":"https:\/\/revistazetta.com\/index.php?rest_route=%2Fwp%2Fv2%2Fcomments&post=24511"}],"version-history":[{"count":0,"href":"https:\/\/revistazetta.com\/index.php?rest_route=\/wp\/v2\/posts\/24511\/revisions"}],"wp:featuredmedia":[{"embeddable":true,"href":"https:\/\/revistazetta.com\/index.php?rest_route=\/wp\/v2\/media\/24512"}],"wp:attachment":[{"href":"https:\/\/revistazetta.com\/index.php?rest_route=%2Fwp%2Fv2%2Fmedia&parent=24511"}],"wp:term":[{"taxonomy":"category","embeddable":true,"href":"https:\/\/revistazetta.com\/index.php?rest_route=%2Fwp%2Fv2%2Fcategories&post=24511"},{"taxonomy":"post_tag","embeddable":true,"href":"https:\/\/revistazetta.com\/index.php?rest_route=%2Fwp%2Fv2%2Ftags&post=24511"}],"curies":[{"name":"wp","href":"https:\/\/api.w.org\/{rel}","templated":true}]}}