{"id":24515,"date":"2018-02-22T06:22:49","date_gmt":"2018-02-22T11:22:49","guid":{"rendered":"http:\/\/www.revistazetta.com\/?p=24515"},"modified":"2018-02-22T06:22:49","modified_gmt":"2018-02-22T11:22:49","slug":"toncel-pone-marcha-cambios-internos-concejo","status":"publish","type":"post","link":"https:\/\/revistazetta.com\/?p=24515","title":{"rendered":"Toncel pone en marcha cambios internos en el Concejo"},"content":{"rendered":"<p>El presidente del Concejo, Wilson Toncel Ochoa, comenz\u00f3 en firme a introducir cambios administrativos en la entidad, a fin de hacerla m\u00e1s eficiente en lo interno, y m\u00e1s conectada con la comunidad.<\/p>\n<p>Es as\u00ed que el Concejo de Cartagena implementar\u00e1 una plataforma digital que facilitar\u00e1 el proceso de presentaci\u00f3n y pago de cuentas de los servicios prestados por los contratistas del cabildo, tal como lo anunci\u00f3 el presidente de la corporaci\u00f3n edilicia, Wilson Toncel Ochoa, tras un encuentro de trabajo con los funcionarios del \u00e1rea administrativa y los contratistas adscritos a la misma, con quienes se habl\u00f3 -adem\u00e1s \u2013 de la necesidad de implementar acciones de cara a mejorar las condiciones laborales en la corporaci\u00f3n y buscar un mejor desempe\u00f1o de todos en las respectivas dependencias.<\/p>\n<p>Toncel expres\u00f3 que conjuntamente con el personal del Grupo Comunal del Concejo trabaja en el establecimiento de una agenda que permita la realizaci\u00f3n de por lo menos una audiencia p\u00fablica cada mes en las diferentes Unidades Comuneras de Gobierno, de tal manera que los principales problemas de Cartagena se analicen de la mano de los voceros de la comunidad directamente en los lugares afectados.<\/p>\n<p>\u201cJustamente, ya hemos recibido la solicitud para trasladarnos a Flor del Campo y Colombiat\u00f3n, donde volveremos a tratar el tema de la inseguridad que se vive en ese sector de la ciudad\u201d, se\u00f1al\u00f3 Toncel Ochoa; \u201caunque es un hecho que pr\u00e1cticamente en las tres Localidades ese tema es recurrente, pareciera que en algunos sectores su percepci\u00f3n es m\u00e1s marcada\u201d.<\/p>\n<p>Sobre\u00a0una eventual restructuraci\u00f3n administrativa que se realizar\u00eda a la corporaci\u00f3n, con el fin de adaptarla a la creciente demanda de algunos servicios enmarcados en sus funciones misionales, como una mayor interacci\u00f3n con la comunidad a trav\u00e9s de las redes sociales y en general el Internet, el presidente del cabildo manifest\u00f3 que, como quiera durante el primer semestre no podr\u00e1 ser posible adelantar ning\u00fan tipo de contrataci\u00f3n, \u201caprovecharemos para realizar las consultas respectivas a la Escuela Superior de Administraci\u00f3n P\u00fablica -Esap, as\u00ed como a la Funci\u00f3n P\u00fablica, para tener todo el acompa\u00f1amiento y una vez pase la Ley de Garant\u00edas llevar a plenaria la autorizaci\u00f3n para hacer una modificaci\u00f3n de la planta de personal para crear la Oficina de Inform\u00e1tica que es de donde vamos a desarrollar todo un esquema de interacci\u00f3n con las redes sociales y en general el manejo de las comunicaciones en apoyo a la dirigencia local, que requiere informaci\u00f3n para su trabajo comunitario, as\u00ed como a periodistas y otros actores; de igual manera, estaremos fortalecimiento la Oficina Comunal, que en nuestro concepto es una de las dependencias m\u00e1s importantes de la corporaci\u00f3n\u201d.<\/p>\n","protected":false},"excerpt":{"rendered":"<p>El presidente del Concejo, Wilson Toncel Ochoa, comenz\u00f3 en firme a introducir cambios administrativos en la entidad, a fin de hacerla m\u00e1s eficiente en lo interno, y m\u00e1s conectada con la comunidad. Es as\u00ed que el Concejo de Cartagena implementar\u00e1 una plataforma digital que facilitar\u00e1 el proceso de presentaci\u00f3n y pago de cuentas de los servicios prestados por los contratistas del cabildo, tal como lo anunci\u00f3 el presidente de la corporaci\u00f3n edilicia, Wilson Toncel Ochoa, tras un encuentro de trabajo con los funcionarios del \u00e1rea administrativa y los contratistas adscritos&#8230; <\/p>\n","protected":false},"author":3,"featured_media":24516,"comment_status":"open","ping_status":"closed","sticky":false,"template":"","format":"standard","meta":{"footnotes":"","_links_to":"","_links_to_target":""},"categories":[75,27,4],"tags":[],"class_list":["post-24515","post","type-post","status-publish","format-standard","has-post-thumbnail","hentry","category-destacada","category-politicaconcejo","category-politica"],"_links":{"self":[{"href":"https:\/\/revistazetta.com\/index.php?rest_route=\/wp\/v2\/posts\/24515","targetHints":{"allow":["GET"]}}],"collection":[{"href":"https:\/\/revistazetta.com\/index.php?rest_route=\/wp\/v2\/posts"}],"about":[{"href":"https:\/\/revistazetta.com\/index.php?rest_route=\/wp\/v2\/types\/post"}],"author":[{"embeddable":true,"href":"https:\/\/revistazetta.com\/index.php?rest_route=\/wp\/v2\/users\/3"}],"replies":[{"embeddable":true,"href":"https:\/\/revistazetta.com\/index.php?rest_route=%2Fwp%2Fv2%2Fcomments&post=24515"}],"version-history":[{"count":0,"href":"https:\/\/revistazetta.com\/index.php?rest_route=\/wp\/v2\/posts\/24515\/revisions"}],"wp:featuredmedia":[{"embeddable":true,"href":"https:\/\/revistazetta.com\/index.php?rest_route=\/wp\/v2\/media\/24516"}],"wp:attachment":[{"href":"https:\/\/revistazetta.com\/index.php?rest_route=%2Fwp%2Fv2%2Fmedia&parent=24515"}],"wp:term":[{"taxonomy":"category","embeddable":true,"href":"https:\/\/revistazetta.com\/index.php?rest_route=%2Fwp%2Fv2%2Fcategories&post=24515"},{"taxonomy":"post_tag","embeddable":true,"href":"https:\/\/revistazetta.com\/index.php?rest_route=%2Fwp%2Fv2%2Ftags&post=24515"}],"curies":[{"name":"wp","href":"https:\/\/api.w.org\/{rel}","templated":true}]}}