{"id":24524,"date":"2018-02-23T06:40:22","date_gmt":"2018-02-23T11:40:22","guid":{"rendered":"http:\/\/www.revistazetta.com\/?p=24524"},"modified":"2018-02-23T06:49:31","modified_gmt":"2018-02-23T11:49:31","slug":"gana-la-izquierda-se-acaban-las-libertades-alejandro-ordonez","status":"publish","type":"post","link":"https:\/\/revistazetta.com\/?p=24524","title":{"rendered":"\u201cSi gana la izquierda, se acaban las libertades\u201d: Alejandro Ord\u00f3\u00f1ez"},"content":{"rendered":"<p>El candidato presidencial Alejandro Ord\u00f3\u00f1ez afirm\u00f3 que un eventual triunfo de la izquierda ser\u00eda el final de la democracia colombiana y acabar\u00eda las libertades civiles.<\/p>\n<p>En entrevista con John Zamora, director de Revista Zetta, anticip\u00f3 que ganar\u00e1 la consulta en la que participa con Iv\u00e1n Duque y Marta Luc\u00eda Ram\u00edrez, a quienes nombrar\u00e1 ministros de hacienda y Defensa, respectivamente.<\/p>\n<p>Dijo que era el genuino candidato del NO, y que desde la Presidencia promover\u00e1 un plebiscito con unos inamovibles respecto de los acuerdos de la Habana.<\/p>\n<p>Se ratific\u00f3 en los se\u00f1alamientos que, en su momento, hizo como procurador contra Piedad C\u00f3rdoba, y dijo que solo un tecnicismo procesal hizo que se cayera su destituci\u00f3n en el Consejo de Estado. \u201cQue se someta a un pol\u00edgrafo\u201d, la ret\u00f3.<\/p>\n<p>La entrevista completa en nuestro canal de Youtube:<\/p>\n<p><iframe loading=\"lazy\" title=\"Alejandro Ordo\u0301n\u0303ez en Revista Zetta\" width=\"500\" height=\"281\" src=\"https:\/\/www.youtube.com\/embed\/9dr49Xu7Okg?feature=oembed\" frameborder=\"0\" allow=\"accelerometer; autoplay; clipboard-write; encrypted-media; gyroscope; picture-in-picture; web-share\" referrerpolicy=\"strict-origin-when-cross-origin\" allowfullscreen><\/iframe><\/p>\n<p>&nbsp;<\/p>\n<p>&nbsp;<\/p>\n<p>&nbsp;<\/p>\n<p>&nbsp;<\/p>\n","protected":false},"excerpt":{"rendered":"<p>El candidato presidencial Alejandro Ord\u00f3\u00f1ez afirm\u00f3 que un eventual triunfo de la izquierda ser\u00eda el final de la democracia colombiana y acabar\u00eda las libertades civiles. En entrevista con John Zamora, director de Revista Zetta, anticip\u00f3 que ganar\u00e1 la consulta en la que participa con Iv\u00e1n Duque y Marta Luc\u00eda Ram\u00edrez, a quienes nombrar\u00e1 ministros de hacienda y Defensa, respectivamente. Dijo que era el genuino candidato del NO, y que desde la Presidencia promover\u00e1 un plebiscito con unos inamovibles respecto de los acuerdos de la Habana. Se ratific\u00f3 en los se\u00f1alamientos&#8230; <\/p>\n","protected":false},"author":3,"featured_media":24527,"comment_status":"open","ping_status":"closed","sticky":false,"template":"","format":"standard","meta":{"footnotes":"","_links_to":"","_links_to_target":""},"categories":[75,4],"tags":[],"class_list":["post-24524","post","type-post","status-publish","format-standard","has-post-thumbnail","hentry","category-destacada","category-politica"],"_links":{"self":[{"href":"https:\/\/revistazetta.com\/index.php?rest_route=\/wp\/v2\/posts\/24524","targetHints":{"allow":["GET"]}}],"collection":[{"href":"https:\/\/revistazetta.com\/index.php?rest_route=\/wp\/v2\/posts"}],"about":[{"href":"https:\/\/revistazetta.com\/index.php?rest_route=\/wp\/v2\/types\/post"}],"author":[{"embeddable":true,"href":"https:\/\/revistazetta.com\/index.php?rest_route=\/wp\/v2\/users\/3"}],"replies":[{"embeddable":true,"href":"https:\/\/revistazetta.com\/index.php?rest_route=%2Fwp%2Fv2%2Fcomments&post=24524"}],"version-history":[{"count":0,"href":"https:\/\/revistazetta.com\/index.php?rest_route=\/wp\/v2\/posts\/24524\/revisions"}],"wp:featuredmedia":[{"embeddable":true,"href":"https:\/\/revistazetta.com\/index.php?rest_route=\/wp\/v2\/media\/24527"}],"wp:attachment":[{"href":"https:\/\/revistazetta.com\/index.php?rest_route=%2Fwp%2Fv2%2Fmedia&parent=24524"}],"wp:term":[{"taxonomy":"category","embeddable":true,"href":"https:\/\/revistazetta.com\/index.php?rest_route=%2Fwp%2Fv2%2Fcategories&post=24524"},{"taxonomy":"post_tag","embeddable":true,"href":"https:\/\/revistazetta.com\/index.php?rest_route=%2Fwp%2Fv2%2Ftags&post=24524"}],"curies":[{"name":"wp","href":"https:\/\/api.w.org\/{rel}","templated":true}]}}