{"id":24538,"date":"2018-02-26T07:06:11","date_gmt":"2018-02-26T12:06:11","guid":{"rendered":"http:\/\/www.revistazetta.com\/?p=24538"},"modified":"2018-02-26T07:06:11","modified_gmt":"2018-02-26T12:06:11","slug":"orbita-politica-john-zamora-lunes-26-febrero","status":"publish","type":"post","link":"https:\/\/revistazetta.com\/?p=24538","title":{"rendered":"\u00d3rbita Pol\u00edtica de John Zamora &#8211; Lunes 26 de febrero"},"content":{"rendered":"<p><strong>Juan Carlos Ayala se lo piensa<\/strong><\/p>\n<p>El abogado y pastor Juan Carlos Ayala tiene decidido que aspirar\u00e1 a la Alcald\u00eda de Cartagena, pero\u2026<\/p>\n<p>En su c\u00edrculo est\u00e1n sopesando si lo hace enseguida, en estas at\u00edpicas del 15 de abril, o se reserva para la pr\u00f3xima campa\u00f1a para un periodo regular de cuatro a\u00f1os.<\/p>\n<p>Si se lanza ahora, tiene ocho semanas para convencer a la mayor\u00eda de los votantes, en dura lucha con quienes tienen m\u00e1s a\u00f1os de estar en el ruedo, como Quinto Guerra, Andr\u00e9s Betancourt o David M\u00fanera, para mencionar algunos.<\/p>\n<p>Y si lo eligen en abril, tendr\u00e1 apenas 20 meses, poco tiempo para el ambicioso plan de trabajo que pretende presentar.<\/p>\n<p>Si se reserva, tendr\u00e1 tiempo tambi\u00e9n para crecer tanto dentro de la Iglesia R\u00edos de Vida, como fuera de ella.<\/p>\n<p>Lo que menso le preocupa es el aval, porque saben que en el Centro Democr\u00e1tico su nombre tiene acogida. Esta semana conoceremos su decisi\u00f3n.<\/p>\n<p>&nbsp;<\/p>\n<p><strong>Cartagena tiene que cambiar<\/strong><\/p>\n<p>Esta semana conoceremos la fecha precisa y el lugar en el que adelantaremos el Foro con candidatos a la Alcald\u00eda \u201cCartagena tiene que cambiar\u201d, una iniciativa para examinar propuestas y reflexionar sobre el mejor norte com\u00fan para todos.<\/p>\n<p>&nbsp;<\/p>\n<p>&nbsp;<\/p>\n<p><strong>Los Verdes est\u00e1n biches<\/strong><\/p>\n<p>Desde que Manolo Duque renunci\u00f3, todas las organizaciones pol\u00edticas debieron entrar en alerta para escoger los mecanismos de selecci\u00f3n de un candidato a la Alcald\u00eda, en caso de querer presentar un nombre, y cada cual maneja su caja de velocidades.<\/p>\n<p>En momentos en que hay que andar al l\u00edmite de velocidad ante la premura del tiempo, en la Alianza Verde se les dio por hace unos \u201cdi\u00e1logos ciudadanos\u201d para presentar las propuestas de las precandidaturas.<\/p>\n<p>El asunto es que despu\u00e9s deber\u00e1n barajar el nombre escogido con el de la alianza que tienen con el Polo y con Fajardo\u2026 \u00bfO se les olvid\u00f3 que andan aliados?&#8230; en fin\u2026 cada cual maneja sus tiempos\u2026 este es el comunicado de los verdes<\/p>\n<p>&nbsp;<\/p>\n<p><strong>COMUNICADO A LA OPINI\u00d3N CARTAGENERA<\/strong><\/p>\n<p><strong>(Febrero 23 de 2018)<\/strong><\/p>\n<p><strong>VERDES CONVOCAN DI\u00c1LOGOS CIUDADANOS POR CARTAGENA<\/strong><\/p>\n<p>Partido Alianza Verde en Cartagena acompa\u00f1ado por el Ejecutivo Nacional teniendo en cuenta la gran crisis institucional, pol\u00edtica y social que vive la ciudad, considera que las elecciones at\u00edpicas para elegir el nuevo alcalde o alcaldesa, es la oportunidad para que la ciudadan\u00eda rescate sus instituciones de gobierno y control de manera inequ\u00edvoca.<\/p>\n<p>As\u00ed mismo, el partido hace saber a sociedad Cartagenera, que a\u00fan no tiene una candidatura Verdes definida y se encuentra en un proceso de movilizaci\u00f3n para la escogencia de la misma.<\/p>\n<p>La Alianza Verde comprometida con la anticorrupci\u00f3n y el empoderamiento de la ciudadan\u00eda, convoca a todos los movimientos, sectores sociales y a la ciudadan\u00eda en general a compartir los <strong><em>\u00abDi\u00e1logos Ciudadanos por Cartagena\u00bb<\/em>,<\/strong> en la que presentaremos las propuestas de las precandidaturas Verdes a estas elecciones at\u00edpicas.<\/p>\n<p>Vamos a escoger una candidatura para que en este per\u00edodo extraordinario de 20 meses que est\u00e9 comprometida con todos y todas las cartageneras, que corrija el rumbo de la administraci\u00f3n distrital para establecer una nueva ruta de buen gobierno, con atenci\u00f3n prioritaria a ni\u00f1os, ni\u00f1as, j\u00f3venes y mujeres con educaci\u00f3n e inclusi\u00f3n social, con pol\u00edticas efectivas para la superaci\u00f3n de la pobreza, con desarrollo urbano ordenado y legal, con integraci\u00f3n empresarial y rescate de la hacienda p\u00fablica que garantice recursos con transparencia para el bienestar de toda Cartagena.<\/p>\n<p>Mediante estos <em>\u201cDi\u00e1logos Ciudadanos por Cartagena\u201d<\/em> se establecer\u00e1 un procedimiento mediante el cual nuestro Partido escoger\u00e1 al candidato o candidata que m\u00e1s le convenga a la ciudad, a diferencia de las formas ama\u00f1adas como tradicionalmente se deciden las candidaturas en arreglos de sal\u00f3n, para servir a intereses particulares que no consultan el bienestar general. Actividad que se realizar\u00e1 el d\u00eda 27 de febrero en la ciudad de Cartagena.<\/p>\n<p>Sabemos que tenemos el tiempo en contra, pero estaremos listos para inscribir la mejor candidatura para la Alcald\u00eda de Cartagena el pr\u00f3ximo 3 de marzo.<\/p>\n<p><strong>Con la Alianza Verde, Se Puede!!<\/strong><\/p>\n<p>&nbsp;<\/p>\n","protected":false},"excerpt":{"rendered":"<p>Juan Carlos Ayala se lo piensa El abogado y pastor Juan Carlos Ayala tiene decidido que aspirar\u00e1 a la Alcald\u00eda de Cartagena, pero\u2026 En su c\u00edrculo est\u00e1n sopesando si lo hace enseguida, en estas at\u00edpicas del 15 de abril, o se reserva para la pr\u00f3xima campa\u00f1a para un periodo regular de cuatro a\u00f1os. Si se lanza ahora, tiene ocho semanas para convencer a la mayor\u00eda de los votantes, en dura lucha con quienes tienen m\u00e1s a\u00f1os de estar en el ruedo, como Quinto Guerra, Andr\u00e9s Betancourt o David M\u00fanera, para&#8230; <\/p>\n","protected":false},"author":3,"featured_media":24540,"comment_status":"open","ping_status":"closed","sticky":false,"template":"","format":"standard","meta":{"footnotes":"","_links_to":"","_links_to_target":""},"categories":[75,47,44,45],"tags":[],"class_list":["post-24538","post","type-post","status-publish","format-standard","has-post-thumbnail","hentry","category-destacada","category-john-zamora","category-materiagris","category-orbita"],"_links":{"self":[{"href":"https:\/\/revistazetta.com\/index.php?rest_route=\/wp\/v2\/posts\/24538","targetHints":{"allow":["GET"]}}],"collection":[{"href":"https:\/\/revistazetta.com\/index.php?rest_route=\/wp\/v2\/posts"}],"about":[{"href":"https:\/\/revistazetta.com\/index.php?rest_route=\/wp\/v2\/types\/post"}],"author":[{"embeddable":true,"href":"https:\/\/revistazetta.com\/index.php?rest_route=\/wp\/v2\/users\/3"}],"replies":[{"embeddable":true,"href":"https:\/\/revistazetta.com\/index.php?rest_route=%2Fwp%2Fv2%2Fcomments&post=24538"}],"version-history":[{"count":0,"href":"https:\/\/revistazetta.com\/index.php?rest_route=\/wp\/v2\/posts\/24538\/revisions"}],"wp:featuredmedia":[{"embeddable":true,"href":"https:\/\/revistazetta.com\/index.php?rest_route=\/wp\/v2\/media\/24540"}],"wp:attachment":[{"href":"https:\/\/revistazetta.com\/index.php?rest_route=%2Fwp%2Fv2%2Fmedia&parent=24538"}],"wp:term":[{"taxonomy":"category","embeddable":true,"href":"https:\/\/revistazetta.com\/index.php?rest_route=%2Fwp%2Fv2%2Fcategories&post=24538"},{"taxonomy":"post_tag","embeddable":true,"href":"https:\/\/revistazetta.com\/index.php?rest_route=%2Fwp%2Fv2%2Ftags&post=24538"}],"curies":[{"name":"wp","href":"https:\/\/api.w.org\/{rel}","templated":true}]}}