{"id":24543,"date":"2018-02-26T07:13:34","date_gmt":"2018-02-26T12:13:34","guid":{"rendered":"http:\/\/www.revistazetta.com\/?p=24543"},"modified":"2018-02-26T07:14:39","modified_gmt":"2018-02-26T12:14:39","slug":"uribe-duque-araujo-esta-tarde-la-plaza-los-coches","status":"publish","type":"post","link":"https:\/\/revistazetta.com\/?p=24543","title":{"rendered":"Uribe, Duque y Ara\u00fajo, esta tarde en la Plaza de los Coches"},"content":{"rendered":"<p>El candidato presidencial Iv\u00e1n Duque y el expresidente \u00c1lvaro Uribe, junto con el senador Fernando Nicol\u00e1s Ara\u00fajo, ser\u00e1n los principales oradores de esta tarde en la gran manifestaci\u00f3n convocada por el Centro Democr\u00e1tico en la plaza de los Coches.<\/p>\n<p>Tambi\u00e9n estar\u00e1n los seis candidatos a C\u00e1mara: Juliet Jim\u00e9nez, Alberto Cure, Eder Fl\u00f3rez, Javier Otero, Jorge Lequerica y Marta Arr\u00e1zola.<\/p>\n<p>La cita est\u00e1 prevista para las 6 de la tarde.<\/p>\n<p>El principal animador de esta reuni\u00f3n es el senador Ara\u00fajo Rumi\u00e9, quien tiene el n\u00famero 4 en el tarjet\u00f3n de Senado del Centro Democr\u00e1tico.<\/p>\n<p>&nbsp;<\/p>\n<p>&nbsp;<\/p>\n","protected":false},"excerpt":{"rendered":"<p>El candidato presidencial Iv\u00e1n Duque y el expresidente \u00c1lvaro Uribe, junto con el senador Fernando Nicol\u00e1s Ara\u00fajo, ser\u00e1n los principales oradores de esta tarde en la gran manifestaci\u00f3n convocada por el Centro Democr\u00e1tico en la plaza de los Coches. Tambi\u00e9n estar\u00e1n los seis candidatos a C\u00e1mara: Juliet Jim\u00e9nez, Alberto Cure, Eder Fl\u00f3rez, Javier Otero, Jorge Lequerica y Marta Arr\u00e1zola. La cita est\u00e1 prevista para las 6 de la tarde. El principal animador de esta reuni\u00f3n es el senador Ara\u00fajo Rumi\u00e9, quien tiene el n\u00famero 4 en el tarjet\u00f3n de Senado&#8230; <\/p>\n","protected":false},"author":3,"featured_media":24539,"comment_status":"open","ping_status":"closed","sticky":false,"template":"","format":"standard","meta":{"footnotes":"","_links_to":"","_links_to_target":""},"categories":[75,4],"tags":[],"class_list":["post-24543","post","type-post","status-publish","format-standard","has-post-thumbnail","hentry","category-destacada","category-politica"],"_links":{"self":[{"href":"https:\/\/revistazetta.com\/index.php?rest_route=\/wp\/v2\/posts\/24543","targetHints":{"allow":["GET"]}}],"collection":[{"href":"https:\/\/revistazetta.com\/index.php?rest_route=\/wp\/v2\/posts"}],"about":[{"href":"https:\/\/revistazetta.com\/index.php?rest_route=\/wp\/v2\/types\/post"}],"author":[{"embeddable":true,"href":"https:\/\/revistazetta.com\/index.php?rest_route=\/wp\/v2\/users\/3"}],"replies":[{"embeddable":true,"href":"https:\/\/revistazetta.com\/index.php?rest_route=%2Fwp%2Fv2%2Fcomments&post=24543"}],"version-history":[{"count":0,"href":"https:\/\/revistazetta.com\/index.php?rest_route=\/wp\/v2\/posts\/24543\/revisions"}],"wp:featuredmedia":[{"embeddable":true,"href":"https:\/\/revistazetta.com\/index.php?rest_route=\/wp\/v2\/media\/24539"}],"wp:attachment":[{"href":"https:\/\/revistazetta.com\/index.php?rest_route=%2Fwp%2Fv2%2Fmedia&parent=24543"}],"wp:term":[{"taxonomy":"category","embeddable":true,"href":"https:\/\/revistazetta.com\/index.php?rest_route=%2Fwp%2Fv2%2Fcategories&post=24543"},{"taxonomy":"post_tag","embeddable":true,"href":"https:\/\/revistazetta.com\/index.php?rest_route=%2Fwp%2Fv2%2Ftags&post=24543"}],"curies":[{"name":"wp","href":"https:\/\/api.w.org\/{rel}","templated":true}]}}