{"id":24617,"date":"2018-02-27T07:31:30","date_gmt":"2018-02-27T12:31:30","guid":{"rendered":"http:\/\/www.revistazetta.com\/?p=24617"},"modified":"2018-02-27T07:31:30","modified_gmt":"2018-02-27T12:31:30","slug":"senador-araujo-abanderado-una-nueva-generacion","status":"publish","type":"post","link":"https:\/\/revistazetta.com\/?p=24617","title":{"rendered":"Senador Ara\u00fajo, abanderado de una nueva generaci\u00f3n"},"content":{"rendered":"<p><img loading=\"lazy\" decoding=\"async\" class=\"alignright size-medium wp-image-24618\" src=\"https:\/\/www.revistazetta.com\/wp-content\/uploads\/2018\/02\/ZZZ_1922-188x300.jpg\" alt=\"\" width=\"188\" height=\"300\" srcset=\"https:\/\/revistazetta.com\/wp-content\/uploads\/2018\/02\/ZZZ_1922-188x300.jpg 188w, https:\/\/revistazetta.com\/wp-content\/uploads\/2018\/02\/ZZZ_1922.jpg 640w, https:\/\/revistazetta.com\/wp-content\/uploads\/2018\/02\/ZZZ_1922-91x146.jpg 91w, https:\/\/revistazetta.com\/wp-content\/uploads\/2018\/02\/ZZZ_1922-31x50.jpg 31w, https:\/\/revistazetta.com\/wp-content\/uploads\/2018\/02\/ZZZ_1922-47x75.jpg 47w\" sizes=\"auto, (max-width: 188px) 100vw, 188px\" \/>El senador Fernando Nicol\u00e1s Araujo (Centro Democr\u00e1tico N\u00ba4) anunci\u00f3 la presentaci\u00f3n de un proyecto para la creaci\u00f3n de un fondo por Cartagena, que asegure recursos de inversi\u00f3n social con miras a la celebraci\u00f3n de los 500 a\u00f1os de su fundaci\u00f3n en 2033.<\/p>\n<p>Ante los miles de seguidores del Centro Democr\u00e1tico que atiborraron la plaza de los Coches, el legislador hizo un resumen de los 45 proyectos que present\u00f3 en el Congreso, entre ellos el acto legislativo que erigi\u00f3 a Mompox como Distrito, lo que le permitir\u00e1 percibir enormes recursos nuevos y toda una nueva etapa institucional que beneficiar\u00e1 a la creciente industria del turismo.<\/p>\n<p>Ara\u00fajo ratific\u00f3 su compromiso de defender a Colombia de los embates del comunismo, y enarbol\u00f3 las banderas de una nueva generaci\u00f3n de dirigentes que quieren una mejor Colombia, libre de la corrupci\u00f3n y de los tent\u00e1culos de modelos regresivos y opresivos como los que tienen a Venezuela en ruinas.<\/p>\n<p>Ara\u00fajo present\u00f3 uno a uno a la gran selecci\u00f3n de candidatos del Centro Democr\u00e1tico a la C\u00e1mara de Representantes por Bol\u00edvar: Juliet Jim\u00e9nez, Javier Otero, Alberto Cure, Jorge Lequerica, \u00c9der Fl\u00f3rez y Marta Arr\u00e1zola.<\/p>\n<p><img loading=\"lazy\" decoding=\"async\" class=\"alignright size-medium wp-image-24619\" src=\"https:\/\/www.revistazetta.com\/wp-content\/uploads\/2018\/02\/ZZZ_1931-300x188.jpg\" alt=\"\" width=\"300\" height=\"188\" srcset=\"https:\/\/revistazetta.com\/wp-content\/uploads\/2018\/02\/ZZZ_1931-300x188.jpg 300w, https:\/\/revistazetta.com\/wp-content\/uploads\/2018\/02\/ZZZ_1931.jpg 1024w, https:\/\/revistazetta.com\/wp-content\/uploads\/2018\/02\/ZZZ_1931-234x146.jpg 234w, https:\/\/revistazetta.com\/wp-content\/uploads\/2018\/02\/ZZZ_1931-50x31.jpg 50w, https:\/\/revistazetta.com\/wp-content\/uploads\/2018\/02\/ZZZ_1931-120x75.jpg 120w\" sizes=\"auto, (max-width: 300px) 100vw, 300px\" \/><\/p>\n","protected":false},"excerpt":{"rendered":"<p>El senador Fernando Nicol\u00e1s Araujo (Centro Democr\u00e1tico N\u00ba4) anunci\u00f3 la presentaci\u00f3n de un proyecto para la creaci\u00f3n de un fondo por Cartagena, que asegure recursos de inversi\u00f3n social con miras a la celebraci\u00f3n de los 500 a\u00f1os de su fundaci\u00f3n en 2033. Ante los miles de seguidores del Centro Democr\u00e1tico que atiborraron la plaza de los Coches, el legislador hizo un resumen de los 45 proyectos que present\u00f3 en el Congreso, entre ellos el acto legislativo que erigi\u00f3 a Mompox como Distrito, lo que le permitir\u00e1 percibir enormes recursos nuevos&#8230; <\/p>\n","protected":false},"author":3,"featured_media":24613,"comment_status":"open","ping_status":"closed","sticky":false,"template":"","format":"standard","meta":{"footnotes":"","_links_to":"","_links_to_target":""},"categories":[75,4],"tags":[265,262,115,93,72],"class_list":["post-24617","post","type-post","status-publish","format-standard","has-post-thumbnail","hentry","category-destacada","category-politica","tag-alvaro-uribe","tag-fernando-araujo","tag-john-zamora","tag-revista-zetta","tag-revistazetta"],"_links":{"self":[{"href":"https:\/\/revistazetta.com\/index.php?rest_route=\/wp\/v2\/posts\/24617","targetHints":{"allow":["GET"]}}],"collection":[{"href":"https:\/\/revistazetta.com\/index.php?rest_route=\/wp\/v2\/posts"}],"about":[{"href":"https:\/\/revistazetta.com\/index.php?rest_route=\/wp\/v2\/types\/post"}],"author":[{"embeddable":true,"href":"https:\/\/revistazetta.com\/index.php?rest_route=\/wp\/v2\/users\/3"}],"replies":[{"embeddable":true,"href":"https:\/\/revistazetta.com\/index.php?rest_route=%2Fwp%2Fv2%2Fcomments&post=24617"}],"version-history":[{"count":0,"href":"https:\/\/revistazetta.com\/index.php?rest_route=\/wp\/v2\/posts\/24617\/revisions"}],"wp:featuredmedia":[{"embeddable":true,"href":"https:\/\/revistazetta.com\/index.php?rest_route=\/wp\/v2\/media\/24613"}],"wp:attachment":[{"href":"https:\/\/revistazetta.com\/index.php?rest_route=%2Fwp%2Fv2%2Fmedia&parent=24617"}],"wp:term":[{"taxonomy":"category","embeddable":true,"href":"https:\/\/revistazetta.com\/index.php?rest_route=%2Fwp%2Fv2%2Fcategories&post=24617"},{"taxonomy":"post_tag","embeddable":true,"href":"https:\/\/revistazetta.com\/index.php?rest_route=%2Fwp%2Fv2%2Ftags&post=24617"}],"curies":[{"name":"wp","href":"https:\/\/api.w.org\/{rel}","templated":true}]}}